{"id":596,"date":"2022-04-29T14:14:46","date_gmt":"2022-04-29T12:14:46","guid":{"rendered":"https:\/\/unser-landvolk.de\/?p=596"},"modified":"2022-04-29T14:16:58","modified_gmt":"2022-04-29T12:16:58","slug":"landwirte-saeen-derzeit-eifrig-mais-aus","status":"publish","type":"post","link":"https:\/\/unser-landvolk.de\/?p=596","title":{"rendered":"Landwirte s\u00e4en derzeit eifrig Mais aus"},"content":{"rendered":"\n<p><strong>Nach einer trotz schwieriger Witterungsverh\u00e4ltnisse mehr als zufriedenstellenden Ernte im zur\u00fcck liegenden Jahr blicken Niedersachsens Landwirte, die Silo- und K\u00f6rnermais anbauen, nun optimistisch auf die kommende Saison.<\/strong><\/p>\n\n\n\n<figure class=\"wp-block-image size-full is-resized\"><img loading=\"lazy\" decoding=\"async\" src=\"https:\/\/unser-landvolk.de\/wp-content\/uploads\/2022\/04\/image001-2.jpg\" alt=\"\" class=\"wp-image-598\" width=\"839\" height=\"488\"\/><figcaption>Maisdrille wird mit Saatgut bef\u00fcllt.<\/figcaption><\/figure>\n\n\n\n<p>\u201eWir sind eifrig bei der Aussaat\u201c, berichtet Karl-Friedrich Meyer, Vorsitzender im Pflanzenausschuss des Landvolks Niedersachsen, \u00fcber die aktuelle Arbeit. \u201eMais kann keinen Frost vertragen. Jetzt machen sich die \u00c4cker aber gut, und wir haben in fast allen Anbauregionen des Landes gen\u00fcgend Feuchtigkeit im Boden.\u201c Meyer sagt, dass der Mais dankbar ist f\u00fcr Mist: \u201eDer Wirtschaftsd\u00fcnger ist perfekt f\u00fcr diese Kultur. Bei der derzeitigen D\u00fcngemittelknappheit kommt das vielen Betrieben entgegen und spart Kosten.\u201c Der Maisanbau stellt in Niedersachsen mit rund 600.000 Hektar (ha) die fl\u00e4chenst\u00e4rkste landwirtschaftliche Kultur des Acker- und Futterbaus dar, wobei je nach Witterung und Ertragsniveau rund zehn Prozent als K\u00f6rnermais genutzt werden. Diese Kultur ist somit auf jedem dritten Hektar Ackerland zu Hause. Karl-Friedrich Meyer will die biologische Leistung der Pflanze gew\u00fcrdigt wissen: \u201eMais ist ein enormer Energielieferant. Wer von Mais-W\u00fcsten oder Vermaisung der Landschaft spricht, sollte bedenken, welchen Nutzen dieses Getreide bringt.\u201c Hierbei hat Mais den geringsten \u201eBehandlungsindex\u201c unter den Ackerkulturen, was bedeutet, dass in Maisbest\u00e4nden nur Herbizid- und keine Insektizid- oder Fungizidbehandlungen n\u00f6tig sind. Somit werden Insekten und Boden geschont. Dar\u00fcber hinaus hat Mais bei an Bedarf und Standort angepasster D\u00fcngung immer eine klar negative Stickstoffbilanz, was zeigt, dass Mais grundwasserschonend angebaut werden kann und wird.<br>Gut die H\u00e4lfte des Maises wird von rinderhaltenden Betrieben, \u00fcberwiegend Milchviehhaltern, in Niedersachsen als hochwertiges Grundfutter angebaut. Weitere gut 220.000 ha werden f\u00fcr die Biogasproduktion ben\u00f6tigt, die aufgrund der sich abzeichnenden Energiekrise noch mehr an Bedeutung, zum Beispiel auch f\u00fcr die Gas-Gewinnung, bekommen k\u00f6nnte. Silomais stellt ansonsten eine qualitativ hochwertige Futterbasis dar. K\u00f6rnermais wird in Niedersachsen \u00fcberwiegend von Veredelungsbetrieben in den westlichen Landesteilen angebaut, da dieser die anfallenden Wirtschaftsd\u00fcnger sehr effizient verwerten kann, teilt die Landwirtschaftskammer Niedersachsen mit. Deren Mais-Spezialist Karl-Gerd Harms erwartet wie im Vorjahr gute Qualit\u00e4ten bei der Ernte und sieht angesichts der markanten Erl\u00f6se, die f\u00fcr die Erzeuger aktuell zu erzielen sind, eine spannende Saison auf die Landwirte zukommen: \u201eDie Frage wird sein: \u201aab ins Silo\u2018 oder dreschen. Ich k\u00f6nnte mir vorstellen, dass wegen der guten wirtschaftlichen Aussichten k\u00fcnftig noch mehr Betriebe auf K\u00f6rnermais setzen.\u201c (LPD 33\/2022)<\/p>\n","protected":false},"excerpt":{"rendered":"<p>Nach einer trotz schwieriger Witterungsverh\u00e4ltnisse mehr als zufriedenstellenden Ernte im zur\u00fcck liegenden Jahr blicken Niedersachsens Landwirte, die Silo- und K\u00f6rnermais anbauen, nun optimistisch auf die kommende Saison. \u201eWir sind eifrig bei der Aussaat\u201c, berichtet Karl-Friedrich Meyer, Vorsitzender im Pflanzenausschuss des Landvolks Niedersachsen, \u00fcber die aktuelle Arbeit. \u201eMais kann keinen Frost [&hellip;]<\/p>\n","protected":false},"author":2,"featured_media":598,"comment_status":"closed","ping_status":"open","sticky":false,"template":"","format":"standard","meta":{"_monsterinsights_skip_tracking":false,"_monsterinsights_sitenote_active":false,"_monsterinsights_sitenote_note":"","_monsterinsights_sitenote_category":0,"spay_email":"","footnotes":""},"categories":[1],"tags":[],"class_list":["post-596","post","type-post","status-publish","format-standard","has-post-thumbnail","hentry","category-archiv"],"yoast_head":"<!-- This site is optimized with the Yoast SEO plugin v27.4 - https:\/\/yoast.com\/product\/yoast-seo-wordpress\/ -->\n<title>Landwirte s\u00e4en derzeit eifrig Mais aus - Unser Landvolk<\/title>\n<meta name=\"robots\" content=\"index, follow, max-snippet:-1, max-image-preview:large, max-video-preview:-1\" \/>\n<link rel=\"canonical\" href=\"https:\/\/unser-landvolk.de\/?p=596\" \/>\n<meta property=\"og:locale\" content=\"de_DE\" \/>\n<meta property=\"og:type\" content=\"article\" \/>\n<meta property=\"og:title\" content=\"Landwirte s\u00e4en derzeit eifrig Mais aus - Unser Landvolk\" \/>\n<meta property=\"og:description\" content=\"Nach einer trotz schwieriger Witterungsverh\u00e4ltnisse mehr als zufriedenstellenden Ernte im zur\u00fcck liegenden Jahr blicken Niedersachsens Landwirte, die Silo- und K\u00f6rnermais anbauen, nun optimistisch auf die kommende Saison. \u201eWir sind eifrig bei der Aussaat\u201c, berichtet Karl-Friedrich Meyer, Vorsitzender im Pflanzenausschuss des Landvolks Niedersachsen, \u00fcber die aktuelle Arbeit. \u201eMais kann keinen Frost [&hellip;]\" \/>\n<meta property=\"og:url\" content=\"https:\/\/unser-landvolk.de\/?p=596\" \/>\n<meta property=\"og:site_name\" content=\"Unser Landvolk\" \/>\n<meta property=\"article:published_time\" content=\"2022-04-29T12:14:46+00:00\" \/>\n<meta property=\"article:modified_time\" content=\"2022-04-29T12:16:58+00:00\" \/>\n<meta property=\"og:image\" content=\"http:\/\/unser-landvolk.de\/wp-content\/uploads\/2022\/04\/image001-2.jpg\" \/>\n\t<meta property=\"og:image:width\" content=\"678\" \/>\n\t<meta property=\"og:image:height\" content=\"381\" \/>\n\t<meta property=\"og:image:type\" content=\"image\/jpeg\" \/>\n<meta name=\"author\" content=\"Kamil Dziuk\" \/>\n<meta name=\"twitter:card\" content=\"summary_large_image\" \/>\n<meta name=\"twitter:label1\" content=\"Verfasst von\" \/>\n\t<meta name=\"twitter:data1\" content=\"Kamil Dziuk\" \/>\n\t<meta name=\"twitter:label2\" content=\"Gesch\u00e4tzte Lesezeit\" \/>\n\t<meta name=\"twitter:data2\" content=\"3\u00a0Minuten\" \/>\n<script type=\"application\/ld+json\" class=\"yoast-schema-graph\">{\"@context\":\"https:\\\/\\\/schema.org\",\"@graph\":[{\"@type\":\"Article\",\"@id\":\"https:\\\/\\\/unser-landvolk.de\\\/?p=596#article\",\"isPartOf\":{\"@id\":\"https:\\\/\\\/unser-landvolk.de\\\/?p=596\"},\"author\":{\"name\":\"Kamil Dziuk\",\"@id\":\"https:\\\/\\\/unser-landvolk.de\\\/#\\\/schema\\\/person\\\/9041b48aeb5c25ff9cf2b549ee7b1f1c\"},\"headline\":\"Landwirte s\u00e4en derzeit eifrig Mais aus\",\"datePublished\":\"2022-04-29T12:14:46+00:00\",\"dateModified\":\"2022-04-29T12:16:58+00:00\",\"mainEntityOfPage\":{\"@id\":\"https:\\\/\\\/unser-landvolk.de\\\/?p=596\"},\"wordCount\":407,\"publisher\":{\"@id\":\"https:\\\/\\\/unser-landvolk.de\\\/#organization\"},\"image\":{\"@id\":\"https:\\\/\\\/unser-landvolk.de\\\/?p=596#primaryimage\"},\"thumbnailUrl\":\"https:\\\/\\\/unser-landvolk.de\\\/wp-content\\\/uploads\\\/2022\\\/04\\\/image001-2.jpg\",\"articleSection\":[\"Archiv\"],\"inLanguage\":\"de\"},{\"@type\":\"WebPage\",\"@id\":\"https:\\\/\\\/unser-landvolk.de\\\/?p=596\",\"url\":\"https:\\\/\\\/unser-landvolk.de\\\/?p=596\",\"name\":\"Landwirte s\u00e4en derzeit eifrig Mais aus - Unser Landvolk\",\"isPartOf\":{\"@id\":\"https:\\\/\\\/unser-landvolk.de\\\/#website\"},\"primaryImageOfPage\":{\"@id\":\"https:\\\/\\\/unser-landvolk.de\\\/?p=596#primaryimage\"},\"image\":{\"@id\":\"https:\\\/\\\/unser-landvolk.de\\\/?p=596#primaryimage\"},\"thumbnailUrl\":\"https:\\\/\\\/unser-landvolk.de\\\/wp-content\\\/uploads\\\/2022\\\/04\\\/image001-2.jpg\",\"datePublished\":\"2022-04-29T12:14:46+00:00\",\"dateModified\":\"2022-04-29T12:16:58+00:00\",\"breadcrumb\":{\"@id\":\"https:\\\/\\\/unser-landvolk.de\\\/?p=596#breadcrumb\"},\"inLanguage\":\"de\",\"potentialAction\":[{\"@type\":\"ReadAction\",\"target\":[\"https:\\\/\\\/unser-landvolk.de\\\/?p=596\"]}]},{\"@type\":\"ImageObject\",\"inLanguage\":\"de\",\"@id\":\"https:\\\/\\\/unser-landvolk.de\\\/?p=596#primaryimage\",\"url\":\"https:\\\/\\\/unser-landvolk.de\\\/wp-content\\\/uploads\\\/2022\\\/04\\\/image001-2.jpg\",\"contentUrl\":\"https:\\\/\\\/unser-landvolk.de\\\/wp-content\\\/uploads\\\/2022\\\/04\\\/image001-2.jpg\",\"width\":678,\"height\":381,\"caption\":\"Ein Mann bef\u00fcllt eine Maisdrille mit Saatgut aus einem Sack. Zwei weitere M\u00e4nner tragen S\u00e4cke zu.\"},{\"@type\":\"BreadcrumbList\",\"@id\":\"https:\\\/\\\/unser-landvolk.de\\\/?p=596#breadcrumb\",\"itemListElement\":[{\"@type\":\"ListItem\",\"position\":1,\"name\":\"Startseite\",\"item\":\"https:\\\/\\\/unser-landvolk.de\\\/\"},{\"@type\":\"ListItem\",\"position\":2,\"name\":\"Landwirte s\u00e4en derzeit eifrig Mais aus\"}]},{\"@type\":\"WebSite\",\"@id\":\"https:\\\/\\\/unser-landvolk.de\\\/#website\",\"url\":\"https:\\\/\\\/unser-landvolk.de\\\/\",\"name\":\"Unser Landvolk\",\"description\":\"Landwirtschaft in Schaumburg\",\"publisher\":{\"@id\":\"https:\\\/\\\/unser-landvolk.de\\\/#organization\"},\"potentialAction\":[{\"@type\":\"SearchAction\",\"target\":{\"@type\":\"EntryPoint\",\"urlTemplate\":\"https:\\\/\\\/unser-landvolk.de\\\/?s={search_term_string}\"},\"query-input\":{\"@type\":\"PropertyValueSpecification\",\"valueRequired\":true,\"valueName\":\"search_term_string\"}}],\"inLanguage\":\"de\"},{\"@type\":\"Organization\",\"@id\":\"https:\\\/\\\/unser-landvolk.de\\\/#organization\",\"name\":\"Unser Landvolk\",\"url\":\"https:\\\/\\\/unser-landvolk.de\\\/\",\"logo\":{\"@type\":\"ImageObject\",\"inLanguage\":\"de\",\"@id\":\"https:\\\/\\\/unser-landvolk.de\\\/#\\\/schema\\\/logo\\\/image\\\/\",\"url\":\"https:\\\/\\\/unser-landvolk.de\\\/wp-content\\\/uploads\\\/2021\\\/05\\\/cropped-header-650x150-1.jpg\",\"contentUrl\":\"https:\\\/\\\/unser-landvolk.de\\\/wp-content\\\/uploads\\\/2021\\\/05\\\/cropped-header-650x150-1.jpg\",\"width\":1355,\"height\":260,\"caption\":\"Unser Landvolk\"},\"image\":{\"@id\":\"https:\\\/\\\/unser-landvolk.de\\\/#\\\/schema\\\/logo\\\/image\\\/\"}},{\"@type\":\"Person\",\"@id\":\"https:\\\/\\\/unser-landvolk.de\\\/#\\\/schema\\\/person\\\/9041b48aeb5c25ff9cf2b549ee7b1f1c\",\"name\":\"Kamil Dziuk\",\"image\":{\"@type\":\"ImageObject\",\"inLanguage\":\"de\",\"@id\":\"https:\\\/\\\/secure.gravatar.com\\\/avatar\\\/530c8dd0b7b01bf8142639dd72640299ae15d930f9ed2068444e2a2fe730d51a?s=96&d=blank&r=g\",\"url\":\"https:\\\/\\\/secure.gravatar.com\\\/avatar\\\/530c8dd0b7b01bf8142639dd72640299ae15d930f9ed2068444e2a2fe730d51a?s=96&d=blank&r=g\",\"contentUrl\":\"https:\\\/\\\/secure.gravatar.com\\\/avatar\\\/530c8dd0b7b01bf8142639dd72640299ae15d930f9ed2068444e2a2fe730d51a?s=96&d=blank&r=g\",\"caption\":\"Kamil Dziuk\"},\"sameAs\":[\"http:\\\/\\\/-\"],\"url\":\"https:\\\/\\\/unser-landvolk.de\\\/?author=2\"}]}<\/script>\n<!-- \/ Yoast SEO plugin. -->","yoast_head_json":{"title":"Landwirte s\u00e4en derzeit eifrig Mais aus - Unser Landvolk","robots":{"index":"index","follow":"follow","max-snippet":"max-snippet:-1","max-image-preview":"max-image-preview:large","max-video-preview":"max-video-preview:-1"},"canonical":"https:\/\/unser-landvolk.de\/?p=596","og_locale":"de_DE","og_type":"article","og_title":"Landwirte s\u00e4en derzeit eifrig Mais aus - Unser Landvolk","og_description":"Nach einer trotz schwieriger Witterungsverh\u00e4ltnisse mehr als zufriedenstellenden Ernte im zur\u00fcck liegenden Jahr blicken Niedersachsens Landwirte, die Silo- und K\u00f6rnermais anbauen, nun optimistisch auf die kommende Saison. \u201eWir sind eifrig bei der Aussaat\u201c, berichtet Karl-Friedrich Meyer, Vorsitzender im Pflanzenausschuss des Landvolks Niedersachsen, \u00fcber die aktuelle Arbeit. \u201eMais kann keinen Frost [&hellip;]","og_url":"https:\/\/unser-landvolk.de\/?p=596","og_site_name":"Unser Landvolk","article_published_time":"2022-04-29T12:14:46+00:00","article_modified_time":"2022-04-29T12:16:58+00:00","og_image":[{"width":678,"height":381,"url":"http:\/\/unser-landvolk.de\/wp-content\/uploads\/2022\/04\/image001-2.jpg","type":"image\/jpeg"}],"author":"Kamil Dziuk","twitter_card":"summary_large_image","twitter_misc":{"Verfasst von":"Kamil Dziuk","Gesch\u00e4tzte Lesezeit":"3\u00a0Minuten"},"schema":{"@context":"https:\/\/schema.org","@graph":[{"@type":"Article","@id":"https:\/\/unser-landvolk.de\/?p=596#article","isPartOf":{"@id":"https:\/\/unser-landvolk.de\/?p=596"},"author":{"name":"Kamil Dziuk","@id":"https:\/\/unser-landvolk.de\/#\/schema\/person\/9041b48aeb5c25ff9cf2b549ee7b1f1c"},"headline":"Landwirte s\u00e4en derzeit eifrig Mais aus","datePublished":"2022-04-29T12:14:46+00:00","dateModified":"2022-04-29T12:16:58+00:00","mainEntityOfPage":{"@id":"https:\/\/unser-landvolk.de\/?p=596"},"wordCount":407,"publisher":{"@id":"https:\/\/unser-landvolk.de\/#organization"},"image":{"@id":"https:\/\/unser-landvolk.de\/?p=596#primaryimage"},"thumbnailUrl":"https:\/\/unser-landvolk.de\/wp-content\/uploads\/2022\/04\/image001-2.jpg","articleSection":["Archiv"],"inLanguage":"de"},{"@type":"WebPage","@id":"https:\/\/unser-landvolk.de\/?p=596","url":"https:\/\/unser-landvolk.de\/?p=596","name":"Landwirte s\u00e4en derzeit eifrig Mais aus - Unser Landvolk","isPartOf":{"@id":"https:\/\/unser-landvolk.de\/#website"},"primaryImageOfPage":{"@id":"https:\/\/unser-landvolk.de\/?p=596#primaryimage"},"image":{"@id":"https:\/\/unser-landvolk.de\/?p=596#primaryimage"},"thumbnailUrl":"https:\/\/unser-landvolk.de\/wp-content\/uploads\/2022\/04\/image001-2.jpg","datePublished":"2022-04-29T12:14:46+00:00","dateModified":"2022-04-29T12:16:58+00:00","breadcrumb":{"@id":"https:\/\/unser-landvolk.de\/?p=596#breadcrumb"},"inLanguage":"de","potentialAction":[{"@type":"ReadAction","target":["https:\/\/unser-landvolk.de\/?p=596"]}]},{"@type":"ImageObject","inLanguage":"de","@id":"https:\/\/unser-landvolk.de\/?p=596#primaryimage","url":"https:\/\/unser-landvolk.de\/wp-content\/uploads\/2022\/04\/image001-2.jpg","contentUrl":"https:\/\/unser-landvolk.de\/wp-content\/uploads\/2022\/04\/image001-2.jpg","width":678,"height":381,"caption":"Ein Mann bef\u00fcllt eine Maisdrille mit Saatgut aus einem Sack. Zwei weitere M\u00e4nner tragen S\u00e4cke zu."},{"@type":"BreadcrumbList","@id":"https:\/\/unser-landvolk.de\/?p=596#breadcrumb","itemListElement":[{"@type":"ListItem","position":1,"name":"Startseite","item":"https:\/\/unser-landvolk.de\/"},{"@type":"ListItem","position":2,"name":"Landwirte s\u00e4en derzeit eifrig Mais aus"}]},{"@type":"WebSite","@id":"https:\/\/unser-landvolk.de\/#website","url":"https:\/\/unser-landvolk.de\/","name":"Unser Landvolk","description":"Landwirtschaft in Schaumburg","publisher":{"@id":"https:\/\/unser-landvolk.de\/#organization"},"potentialAction":[{"@type":"SearchAction","target":{"@type":"EntryPoint","urlTemplate":"https:\/\/unser-landvolk.de\/?s={search_term_string}"},"query-input":{"@type":"PropertyValueSpecification","valueRequired":true,"valueName":"search_term_string"}}],"inLanguage":"de"},{"@type":"Organization","@id":"https:\/\/unser-landvolk.de\/#organization","name":"Unser Landvolk","url":"https:\/\/unser-landvolk.de\/","logo":{"@type":"ImageObject","inLanguage":"de","@id":"https:\/\/unser-landvolk.de\/#\/schema\/logo\/image\/","url":"https:\/\/unser-landvolk.de\/wp-content\/uploads\/2021\/05\/cropped-header-650x150-1.jpg","contentUrl":"https:\/\/unser-landvolk.de\/wp-content\/uploads\/2021\/05\/cropped-header-650x150-1.jpg","width":1355,"height":260,"caption":"Unser Landvolk"},"image":{"@id":"https:\/\/unser-landvolk.de\/#\/schema\/logo\/image\/"}},{"@type":"Person","@id":"https:\/\/unser-landvolk.de\/#\/schema\/person\/9041b48aeb5c25ff9cf2b549ee7b1f1c","name":"Kamil Dziuk","image":{"@type":"ImageObject","inLanguage":"de","@id":"https:\/\/secure.gravatar.com\/avatar\/530c8dd0b7b01bf8142639dd72640299ae15d930f9ed2068444e2a2fe730d51a?s=96&d=blank&r=g","url":"https:\/\/secure.gravatar.com\/avatar\/530c8dd0b7b01bf8142639dd72640299ae15d930f9ed2068444e2a2fe730d51a?s=96&d=blank&r=g","contentUrl":"https:\/\/secure.gravatar.com\/avatar\/530c8dd0b7b01bf8142639dd72640299ae15d930f9ed2068444e2a2fe730d51a?s=96&d=blank&r=g","caption":"Kamil Dziuk"},"sameAs":["http:\/\/-"],"url":"https:\/\/unser-landvolk.de\/?author=2"}]}},"jetpack_featured_media_url":"https:\/\/unser-landvolk.de\/wp-content\/uploads\/2022\/04\/image001-2.jpg","_links":{"self":[{"href":"https:\/\/unser-landvolk.de\/index.php?rest_route=\/wp\/v2\/posts\/596","targetHints":{"allow":["GET"]}}],"collection":[{"href":"https:\/\/unser-landvolk.de\/index.php?rest_route=\/wp\/v2\/posts"}],"about":[{"href":"https:\/\/unser-landvolk.de\/index.php?rest_route=\/wp\/v2\/types\/post"}],"author":[{"embeddable":true,"href":"https:\/\/unser-landvolk.de\/index.php?rest_route=\/wp\/v2\/users\/2"}],"replies":[{"embeddable":true,"href":"https:\/\/unser-landvolk.de\/index.php?rest_route=%2Fwp%2Fv2%2Fcomments&post=596"}],"version-history":[{"count":1,"href":"https:\/\/unser-landvolk.de\/index.php?rest_route=\/wp\/v2\/posts\/596\/revisions"}],"predecessor-version":[{"id":599,"href":"https:\/\/unser-landvolk.de\/index.php?rest_route=\/wp\/v2\/posts\/596\/revisions\/599"}],"wp:featuredmedia":[{"embeddable":true,"href":"https:\/\/unser-landvolk.de\/index.php?rest_route=\/wp\/v2\/media\/598"}],"wp:attachment":[{"href":"https:\/\/unser-landvolk.de\/index.php?rest_route=%2Fwp%2Fv2%2Fmedia&parent=596"}],"wp:term":[{"taxonomy":"category","embeddable":true,"href":"https:\/\/unser-landvolk.de\/index.php?rest_route=%2Fwp%2Fv2%2Fcategories&post=596"},{"taxonomy":"post_tag","embeddable":true,"href":"https:\/\/unser-landvolk.de\/index.php?rest_route=%2Fwp%2Fv2%2Ftags&post=596"}],"curies":[{"name":"wp","href":"https:\/\/api.w.org\/{rel}","templated":true}]}}