{"id":567,"date":"2021-07-28T14:21:58","date_gmt":"2021-07-28T12:21:58","guid":{"rendered":"https:\/\/unser-landvolk.de\/?p=567"},"modified":"2021-07-28T14:51:42","modified_gmt":"2021-07-28T12:51:42","slug":"das-landvolk-laedt-kandidaten-ein","status":"publish","type":"post","link":"https:\/\/unser-landvolk.de\/?p=567","title":{"rendered":"Das Landvolk l\u00e4dt Kandidaten ein"},"content":{"rendered":"\n<figure class=\"wp-block-pullquote alignwide\"><blockquote><p>\u201eEs war eine tolle Veranstaltung, wir sind super zufrieden\u201c,<\/p><cite>Marie Brinkmann<\/cite><\/blockquote><\/figure>\n\n\n\n<p>war das Fazit von Marie Brinkmann, sie ist Referentin f\u00fcr Presse- und \u00d6ffentlichkeitsarbeit beim Landvolk Weserbergland. Gemeinsam mit dem Landvolk Mittelweser wurden zu einer Podiumsdiskussion die Kandidaten f\u00fcr den Deutschen Bundestag aus dem Bereich Nienburg\/Weser in die Maschinenhalle des landwirtschaftlichen Hofes Schweer in Hagenburg eingeladen. \u201eEs war uns wichtig, dass die Emotionen und Anliegen der Landwirte transportiert wurden\u201c, so Brinkmann. Die Veranstaltung sei sachlich und auf einem hohen Niveau gewesen. Die Landwirte \u00e4u\u00dferten ihre Sorgen und \u00fcbten Kritik an einigen Gesetzen. \u201eEs ist das Lebenswerk unserer Landwirte\u201c, berichtete Brinkmann. Die Bundestagskandidaten h\u00e4tten in der zweieinhalbst\u00fcndigen Veranstaltung einige Punkte mitgenommen, die sie weiter unter anderem in Berlin besprechen werden.<\/p>\n\n\n\n<figure class=\"wp-block-image size-large\"><img loading=\"lazy\" decoding=\"async\" width=\"1024\" height=\"683\" src=\"https:\/\/unser-landvolk.de\/wp-content\/uploads\/2021\/07\/kanidaten-landvolk-1024x683.jpg\" alt=\"\" class=\"wp-image-568\" srcset=\"https:\/\/unser-landvolk.de\/wp-content\/uploads\/2021\/07\/kanidaten-landvolk-1024x683.jpg 1024w, https:\/\/unser-landvolk.de\/wp-content\/uploads\/2021\/07\/kanidaten-landvolk-300x200.jpg 300w, https:\/\/unser-landvolk.de\/wp-content\/uploads\/2021\/07\/kanidaten-landvolk-768x512.jpg 768w, https:\/\/unser-landvolk.de\/wp-content\/uploads\/2021\/07\/kanidaten-landvolk-576x384.jpg 576w, https:\/\/unser-landvolk.de\/wp-content\/uploads\/2021\/07\/kanidaten-landvolk-800x534.jpg 800w, https:\/\/unser-landvolk.de\/wp-content\/uploads\/2021\/07\/kanidaten-landvolk-165x109.jpg 165w, https:\/\/unser-landvolk.de\/wp-content\/uploads\/2021\/07\/kanidaten-landvolk-90x60.jpg 90w, https:\/\/unser-landvolk.de\/wp-content\/uploads\/2021\/07\/kanidaten-landvolk.jpg 1040w\" sizes=\"auto, (max-width: 1024px) 100vw, 1024px\" \/><figcaption><strong>Sachliche Diskussion (v.l.): Lennart Dahms, Katja Keul, Anneke Krei\ufb02ig, Marja Liisa V\u00f6llers, Maik Beermann, Hendrik Brunkhorst, Anton van den Born, Thorsten Althaus.<\/strong><\/figcaption><\/figure>\n\n\n\n<p>\u201eZukunft der Landwirtschaft\u201c hie\u00df das Thema, leidenschaftlich moderiert wurde die Diskussion von Hendrik Brunkhorst (Vorsitzender der Junglandwirte in Niedersachsen) und seiner Stellvertreterin Anneke Krei\u00dfig. Die beiden Moderatoren begannen zum Warmwerden mit allgemeinen Themen, wie neuen Regeln im Tier- und Umweltschutz und der Demo in Berlin mit 40.000 Landwirten. Die Kennzeichnung von Lebensmittel, der Einsatz von D\u00fcngemitteln und Pestiziden, fairen Wettbewerb, F\u00f6rderprogramme und vieles mehr waren weitere Gespr\u00e4chspunkte. Nachstehend einige Aussagen der Kandidaten f\u00fcr den Bundestag, der am 26. September gew\u00e4hlt wird. Katja Keul Bundestagsabgeordnete B\u00fcndnis 90\/Die Gr\u00fcnen: Das Lebensmittellabel der Landwirtschaftsministerin Kl\u00f6ckner k\u00f6nne nicht funktionieren. Wichtig sei es, wo der Mehrwert hingehe. Der m\u00fcsse nicht an den Handel, sondern an den Erzeuger gehen. Wenn der Markt von Monopolisten beherrscht werde, m\u00fcsse die Politik f\u00fcr klare Regeln sorgen. Freiheit in der Landwirtschaft funktioniere nicht, kleine Betriebe m\u00fcssten aufgeben, die F\u00f6rderpolitik der letzten Jahre k\u00f6nne so nicht weitergehen. Es seien weniger Pestizide einzusetzen, um das Trinkwasser zu sch\u00fctzen, die Nitratwerte m\u00fcssten deutlich gesenkt werden. So wie jetzt k\u00f6nne es nicht weitergehen. Marja Liisa V\u00f6llers Bundestagsabgeordnete SPD: Verbraucher m\u00fcssten mehr darauf achten, wof\u00fcr sie ihr Geld ausgeben. D\u00fcngemittel und Pestizide sollten mit moderner Technik gezielt eingesetzt werden. Es helfe nicht, B\u00f6den zu ruinieren, so dass sie nicht mehr genutzt werden k\u00f6nnen. Ihre Partei wolle den Landwirten ihre Arbeit nicht verwehren. Maik Beermann Bundestagsabgeordneter CDU: Die Aufkl\u00e4rung in den Schulen \u00fcber die Landwirtschaft sei wichtig, \u00fcber die Kultusminister m\u00fcsse das geregelt werden. Bez\u00fcglich des Labels g\u00e4be es einen Dschungel, es gibt zu viele, die damit Geld verdienten. Klug w\u00e4re ein einziges Label auf Lebensmitteln. Beermann stehe zur Landwirtschaft, es m\u00fcsse Perspektiven f\u00fcr junge Leute geben. Wenn das nicht geschehe, werde die Landwirtschaft in Frage gestellt. Er sieht eine Uneinigkeit unter den Bundesl\u00e4ndern, dort g\u00e4be es zu viele Meinungen, Beermann sprach auch von einer F\u00f6deralismusreform, auch m\u00fcsse nicht immer der Bundesrat angesprochen werden. Eine Idee, wie das zu ver\u00e4ndern sei, habe er aber nicht. Anton van den Born Kandidat der FDP: Der FDP-Politiker hatte einen landwirtschaftlichen Hof besucht und sich intensiv mit den Sorgen und N\u00f6ten der Landwirte besch\u00e4ftigt. Van den Born ist f\u00fcr den Abbau der Zahlungen an die Landwirte. Europa sei gut f\u00fcr die Landwirtschaft, es m\u00fcsse ein einheitlicher Standard eingef\u00fchrt werden, um Ungerechtigkeiten zu verhindern. In der Landwirtschaft m\u00fcsse mehr digitalisiert und die Wissenschaft eingebunden werden. Lennart Dahms Die Linke: Der Sch\u00fcler findet es traurig, dass in Deutschland 4,4 Millionen Menschen am Essen sparen m\u00fcssen. Es sei wichtig zu sehen, woher das Essen komme. Der Ausbau der \u00d6koproduktion m\u00fcsse in Europa ausgebaut werden, Agrarsubventionen d\u00fcrften nicht mehr \u00fcber die Fl\u00e4che berechnet werden. Die Landwirte m\u00fcssen in Betrieben mehr Stellen schaffen. Thorsten Althaus Kandidat der AfD: Der Kandidat ist f\u00fcr ein Schulfach Landwirtschaft, es m\u00fcsste auch mehr Exkursionen zu landwirtschaftlichen H\u00f6fen geben. Der Lehrer hat selbst mit seinen Sch\u00fclern noch keine Exkursion gemacht. Althaus sei f\u00fcr den Abbau der Zahlungen an die Landwirte, es soll einen fairen Wettbewerb geben mit einem einheitlichen Standard in Europa. Althaus ist f\u00fcr ein europaweites Label, er sieht nicht, dass die Landwirtschaft die Gesellschaft spalte. Bauern seien Tr\u00e4ger der Kulturlandschaft, Althaus sei gegen Zentralismus in Deutschland, er verhindere ein Demokratiekonzept. Foto: gi<\/p>\n\n\n\n<p><\/p>\n","protected":false},"excerpt":{"rendered":"<p>\u201eEs war eine tolle Veranstaltung, wir sind super zufrieden\u201c, Marie Brinkmann war das Fazit von Marie Brinkmann, sie ist Referentin f\u00fcr Presse- und \u00d6ffentlichkeitsarbeit beim Landvolk Weserbergland. Gemeinsam mit dem Landvolk Mittelweser wurden zu einer Podiumsdiskussion die Kandidaten f\u00fcr den Deutschen Bundestag aus dem Bereich Nienburg\/Weser in die Maschinenhalle des [&hellip;]<\/p>\n","protected":false},"author":1,"featured_media":568,"comment_status":"closed","ping_status":"open","sticky":false,"template":"","format":"standard","meta":{"_monsterinsights_skip_tracking":false,"_monsterinsights_sitenote_active":false,"_monsterinsights_sitenote_note":"","_monsterinsights_sitenote_category":0,"spay_email":"","footnotes":""},"categories":[1],"tags":[],"class_list":["post-567","post","type-post","status-publish","format-standard","has-post-thumbnail","hentry","category-archiv"],"yoast_head":"<!-- This site is optimized with the Yoast SEO plugin v27.4 - https:\/\/yoast.com\/product\/yoast-seo-wordpress\/ -->\n<title>Das Landvolk l\u00e4dt Kandidaten ein - Unser Landvolk<\/title>\n<meta name=\"robots\" content=\"index, follow, max-snippet:-1, max-image-preview:large, max-video-preview:-1\" \/>\n<link rel=\"canonical\" href=\"https:\/\/unser-landvolk.de\/?p=567\" \/>\n<meta property=\"og:locale\" content=\"de_DE\" \/>\n<meta property=\"og:type\" content=\"article\" \/>\n<meta property=\"og:title\" content=\"Das Landvolk l\u00e4dt Kandidaten ein - Unser Landvolk\" \/>\n<meta property=\"og:description\" content=\"\u201eEs war eine tolle Veranstaltung, wir sind super zufrieden\u201c, Marie Brinkmann war das Fazit von Marie Brinkmann, sie ist Referentin f\u00fcr Presse- und \u00d6ffentlichkeitsarbeit beim Landvolk Weserbergland. Gemeinsam mit dem Landvolk Mittelweser wurden zu einer Podiumsdiskussion die Kandidaten f\u00fcr den Deutschen Bundestag aus dem Bereich Nienburg\/Weser in die Maschinenhalle des [&hellip;]\" \/>\n<meta property=\"og:url\" content=\"https:\/\/unser-landvolk.de\/?p=567\" \/>\n<meta property=\"og:site_name\" content=\"Unser Landvolk\" \/>\n<meta property=\"article:published_time\" content=\"2021-07-28T12:21:58+00:00\" \/>\n<meta property=\"article:modified_time\" content=\"2021-07-28T12:51:42+00:00\" \/>\n<meta property=\"og:image\" content=\"https:\/\/unser-landvolk.de\/wp-content\/uploads\/2021\/07\/kanidaten-landvolk.jpg\" \/>\n\t<meta property=\"og:image:width\" content=\"1040\" \/>\n\t<meta property=\"og:image:height\" content=\"694\" \/>\n\t<meta property=\"og:image:type\" content=\"image\/jpeg\" \/>\n<meta name=\"author\" content=\"kl\" \/>\n<meta name=\"twitter:card\" content=\"summary_large_image\" \/>\n<meta name=\"twitter:label1\" content=\"Verfasst von\" \/>\n\t<meta name=\"twitter:data1\" content=\"kl\" \/>\n\t<meta name=\"twitter:label2\" content=\"Gesch\u00e4tzte Lesezeit\" \/>\n\t<meta name=\"twitter:data2\" content=\"4\u00a0Minuten\" \/>\n<script type=\"application\/ld+json\" class=\"yoast-schema-graph\">{\"@context\":\"https:\\\/\\\/schema.org\",\"@graph\":[{\"@type\":\"Article\",\"@id\":\"https:\\\/\\\/unser-landvolk.de\\\/?p=567#article\",\"isPartOf\":{\"@id\":\"https:\\\/\\\/unser-landvolk.de\\\/?p=567\"},\"author\":{\"name\":\"kl\",\"@id\":\"https:\\\/\\\/unser-landvolk.de\\\/#\\\/schema\\\/person\\\/c0f08f15baa7e436242f280aa06f3c18\"},\"headline\":\"Das Landvolk l\u00e4dt Kandidaten ein\",\"datePublished\":\"2021-07-28T12:21:58+00:00\",\"dateModified\":\"2021-07-28T12:51:42+00:00\",\"mainEntityOfPage\":{\"@id\":\"https:\\\/\\\/unser-landvolk.de\\\/?p=567\"},\"wordCount\":734,\"publisher\":{\"@id\":\"https:\\\/\\\/unser-landvolk.de\\\/#organization\"},\"image\":{\"@id\":\"https:\\\/\\\/unser-landvolk.de\\\/?p=567#primaryimage\"},\"thumbnailUrl\":\"https:\\\/\\\/unser-landvolk.de\\\/wp-content\\\/uploads\\\/2021\\\/07\\\/kanidaten-landvolk.jpg\",\"articleSection\":[\"Archiv\"],\"inLanguage\":\"de\"},{\"@type\":\"WebPage\",\"@id\":\"https:\\\/\\\/unser-landvolk.de\\\/?p=567\",\"url\":\"https:\\\/\\\/unser-landvolk.de\\\/?p=567\",\"name\":\"Das Landvolk l\u00e4dt Kandidaten ein - Unser Landvolk\",\"isPartOf\":{\"@id\":\"https:\\\/\\\/unser-landvolk.de\\\/#website\"},\"primaryImageOfPage\":{\"@id\":\"https:\\\/\\\/unser-landvolk.de\\\/?p=567#primaryimage\"},\"image\":{\"@id\":\"https:\\\/\\\/unser-landvolk.de\\\/?p=567#primaryimage\"},\"thumbnailUrl\":\"https:\\\/\\\/unser-landvolk.de\\\/wp-content\\\/uploads\\\/2021\\\/07\\\/kanidaten-landvolk.jpg\",\"datePublished\":\"2021-07-28T12:21:58+00:00\",\"dateModified\":\"2021-07-28T12:51:42+00:00\",\"breadcrumb\":{\"@id\":\"https:\\\/\\\/unser-landvolk.de\\\/?p=567#breadcrumb\"},\"inLanguage\":\"de\",\"potentialAction\":[{\"@type\":\"ReadAction\",\"target\":[\"https:\\\/\\\/unser-landvolk.de\\\/?p=567\"]}]},{\"@type\":\"ImageObject\",\"inLanguage\":\"de\",\"@id\":\"https:\\\/\\\/unser-landvolk.de\\\/?p=567#primaryimage\",\"url\":\"https:\\\/\\\/unser-landvolk.de\\\/wp-content\\\/uploads\\\/2021\\\/07\\\/kanidaten-landvolk.jpg\",\"contentUrl\":\"https:\\\/\\\/unser-landvolk.de\\\/wp-content\\\/uploads\\\/2021\\\/07\\\/kanidaten-landvolk.jpg\",\"width\":1040,\"height\":694,\"caption\":\"kandidaten-landvolk\"},{\"@type\":\"BreadcrumbList\",\"@id\":\"https:\\\/\\\/unser-landvolk.de\\\/?p=567#breadcrumb\",\"itemListElement\":[{\"@type\":\"ListItem\",\"position\":1,\"name\":\"Startseite\",\"item\":\"https:\\\/\\\/unser-landvolk.de\\\/\"},{\"@type\":\"ListItem\",\"position\":2,\"name\":\"Das Landvolk l\u00e4dt Kandidaten ein\"}]},{\"@type\":\"WebSite\",\"@id\":\"https:\\\/\\\/unser-landvolk.de\\\/#website\",\"url\":\"https:\\\/\\\/unser-landvolk.de\\\/\",\"name\":\"Unser Landvolk\",\"description\":\"Landwirtschaft in Schaumburg\",\"publisher\":{\"@id\":\"https:\\\/\\\/unser-landvolk.de\\\/#organization\"},\"potentialAction\":[{\"@type\":\"SearchAction\",\"target\":{\"@type\":\"EntryPoint\",\"urlTemplate\":\"https:\\\/\\\/unser-landvolk.de\\\/?s={search_term_string}\"},\"query-input\":{\"@type\":\"PropertyValueSpecification\",\"valueRequired\":true,\"valueName\":\"search_term_string\"}}],\"inLanguage\":\"de\"},{\"@type\":\"Organization\",\"@id\":\"https:\\\/\\\/unser-landvolk.de\\\/#organization\",\"name\":\"Unser Landvolk\",\"url\":\"https:\\\/\\\/unser-landvolk.de\\\/\",\"logo\":{\"@type\":\"ImageObject\",\"inLanguage\":\"de\",\"@id\":\"https:\\\/\\\/unser-landvolk.de\\\/#\\\/schema\\\/logo\\\/image\\\/\",\"url\":\"https:\\\/\\\/unser-landvolk.de\\\/wp-content\\\/uploads\\\/2021\\\/05\\\/cropped-header-650x150-1.jpg\",\"contentUrl\":\"https:\\\/\\\/unser-landvolk.de\\\/wp-content\\\/uploads\\\/2021\\\/05\\\/cropped-header-650x150-1.jpg\",\"width\":1355,\"height\":260,\"caption\":\"Unser Landvolk\"},\"image\":{\"@id\":\"https:\\\/\\\/unser-landvolk.de\\\/#\\\/schema\\\/logo\\\/image\\\/\"}},{\"@type\":\"Person\",\"@id\":\"https:\\\/\\\/unser-landvolk.de\\\/#\\\/schema\\\/person\\\/c0f08f15baa7e436242f280aa06f3c18\",\"name\":\"kl\",\"image\":{\"@type\":\"ImageObject\",\"inLanguage\":\"de\",\"@id\":\"https:\\\/\\\/secure.gravatar.com\\\/avatar\\\/95d9efd984da1aabcc8f4ab5e341dc7f5ccd9e4997044adf78d03744f8614cb8?s=96&d=blank&r=g\",\"url\":\"https:\\\/\\\/secure.gravatar.com\\\/avatar\\\/95d9efd984da1aabcc8f4ab5e341dc7f5ccd9e4997044adf78d03744f8614cb8?s=96&d=blank&r=g\",\"contentUrl\":\"https:\\\/\\\/secure.gravatar.com\\\/avatar\\\/95d9efd984da1aabcc8f4ab5e341dc7f5ccd9e4997044adf78d03744f8614cb8?s=96&d=blank&r=g\",\"caption\":\"kl\"},\"sameAs\":[\"http:\\\/\\\/unser-landvolk.de\"],\"url\":\"https:\\\/\\\/unser-landvolk.de\\\/?author=1\"}]}<\/script>\n<!-- \/ Yoast SEO plugin. -->","yoast_head_json":{"title":"Das Landvolk l\u00e4dt Kandidaten ein - Unser Landvolk","robots":{"index":"index","follow":"follow","max-snippet":"max-snippet:-1","max-image-preview":"max-image-preview:large","max-video-preview":"max-video-preview:-1"},"canonical":"https:\/\/unser-landvolk.de\/?p=567","og_locale":"de_DE","og_type":"article","og_title":"Das Landvolk l\u00e4dt Kandidaten ein - Unser Landvolk","og_description":"\u201eEs war eine tolle Veranstaltung, wir sind super zufrieden\u201c, Marie Brinkmann war das Fazit von Marie Brinkmann, sie ist Referentin f\u00fcr Presse- und \u00d6ffentlichkeitsarbeit beim Landvolk Weserbergland. Gemeinsam mit dem Landvolk Mittelweser wurden zu einer Podiumsdiskussion die Kandidaten f\u00fcr den Deutschen Bundestag aus dem Bereich Nienburg\/Weser in die Maschinenhalle des [&hellip;]","og_url":"https:\/\/unser-landvolk.de\/?p=567","og_site_name":"Unser Landvolk","article_published_time":"2021-07-28T12:21:58+00:00","article_modified_time":"2021-07-28T12:51:42+00:00","og_image":[{"width":1040,"height":694,"url":"https:\/\/unser-landvolk.de\/wp-content\/uploads\/2021\/07\/kanidaten-landvolk.jpg","type":"image\/jpeg"}],"author":"kl","twitter_card":"summary_large_image","twitter_misc":{"Verfasst von":"kl","Gesch\u00e4tzte Lesezeit":"4\u00a0Minuten"},"schema":{"@context":"https:\/\/schema.org","@graph":[{"@type":"Article","@id":"https:\/\/unser-landvolk.de\/?p=567#article","isPartOf":{"@id":"https:\/\/unser-landvolk.de\/?p=567"},"author":{"name":"kl","@id":"https:\/\/unser-landvolk.de\/#\/schema\/person\/c0f08f15baa7e436242f280aa06f3c18"},"headline":"Das Landvolk l\u00e4dt Kandidaten ein","datePublished":"2021-07-28T12:21:58+00:00","dateModified":"2021-07-28T12:51:42+00:00","mainEntityOfPage":{"@id":"https:\/\/unser-landvolk.de\/?p=567"},"wordCount":734,"publisher":{"@id":"https:\/\/unser-landvolk.de\/#organization"},"image":{"@id":"https:\/\/unser-landvolk.de\/?p=567#primaryimage"},"thumbnailUrl":"https:\/\/unser-landvolk.de\/wp-content\/uploads\/2021\/07\/kanidaten-landvolk.jpg","articleSection":["Archiv"],"inLanguage":"de"},{"@type":"WebPage","@id":"https:\/\/unser-landvolk.de\/?p=567","url":"https:\/\/unser-landvolk.de\/?p=567","name":"Das Landvolk l\u00e4dt Kandidaten ein - Unser Landvolk","isPartOf":{"@id":"https:\/\/unser-landvolk.de\/#website"},"primaryImageOfPage":{"@id":"https:\/\/unser-landvolk.de\/?p=567#primaryimage"},"image":{"@id":"https:\/\/unser-landvolk.de\/?p=567#primaryimage"},"thumbnailUrl":"https:\/\/unser-landvolk.de\/wp-content\/uploads\/2021\/07\/kanidaten-landvolk.jpg","datePublished":"2021-07-28T12:21:58+00:00","dateModified":"2021-07-28T12:51:42+00:00","breadcrumb":{"@id":"https:\/\/unser-landvolk.de\/?p=567#breadcrumb"},"inLanguage":"de","potentialAction":[{"@type":"ReadAction","target":["https:\/\/unser-landvolk.de\/?p=567"]}]},{"@type":"ImageObject","inLanguage":"de","@id":"https:\/\/unser-landvolk.de\/?p=567#primaryimage","url":"https:\/\/unser-landvolk.de\/wp-content\/uploads\/2021\/07\/kanidaten-landvolk.jpg","contentUrl":"https:\/\/unser-landvolk.de\/wp-content\/uploads\/2021\/07\/kanidaten-landvolk.jpg","width":1040,"height":694,"caption":"kandidaten-landvolk"},{"@type":"BreadcrumbList","@id":"https:\/\/unser-landvolk.de\/?p=567#breadcrumb","itemListElement":[{"@type":"ListItem","position":1,"name":"Startseite","item":"https:\/\/unser-landvolk.de\/"},{"@type":"ListItem","position":2,"name":"Das Landvolk l\u00e4dt Kandidaten ein"}]},{"@type":"WebSite","@id":"https:\/\/unser-landvolk.de\/#website","url":"https:\/\/unser-landvolk.de\/","name":"Unser Landvolk","description":"Landwirtschaft in Schaumburg","publisher":{"@id":"https:\/\/unser-landvolk.de\/#organization"},"potentialAction":[{"@type":"SearchAction","target":{"@type":"EntryPoint","urlTemplate":"https:\/\/unser-landvolk.de\/?s={search_term_string}"},"query-input":{"@type":"PropertyValueSpecification","valueRequired":true,"valueName":"search_term_string"}}],"inLanguage":"de"},{"@type":"Organization","@id":"https:\/\/unser-landvolk.de\/#organization","name":"Unser Landvolk","url":"https:\/\/unser-landvolk.de\/","logo":{"@type":"ImageObject","inLanguage":"de","@id":"https:\/\/unser-landvolk.de\/#\/schema\/logo\/image\/","url":"https:\/\/unser-landvolk.de\/wp-content\/uploads\/2021\/05\/cropped-header-650x150-1.jpg","contentUrl":"https:\/\/unser-landvolk.de\/wp-content\/uploads\/2021\/05\/cropped-header-650x150-1.jpg","width":1355,"height":260,"caption":"Unser Landvolk"},"image":{"@id":"https:\/\/unser-landvolk.de\/#\/schema\/logo\/image\/"}},{"@type":"Person","@id":"https:\/\/unser-landvolk.de\/#\/schema\/person\/c0f08f15baa7e436242f280aa06f3c18","name":"kl","image":{"@type":"ImageObject","inLanguage":"de","@id":"https:\/\/secure.gravatar.com\/avatar\/95d9efd984da1aabcc8f4ab5e341dc7f5ccd9e4997044adf78d03744f8614cb8?s=96&d=blank&r=g","url":"https:\/\/secure.gravatar.com\/avatar\/95d9efd984da1aabcc8f4ab5e341dc7f5ccd9e4997044adf78d03744f8614cb8?s=96&d=blank&r=g","contentUrl":"https:\/\/secure.gravatar.com\/avatar\/95d9efd984da1aabcc8f4ab5e341dc7f5ccd9e4997044adf78d03744f8614cb8?s=96&d=blank&r=g","caption":"kl"},"sameAs":["http:\/\/unser-landvolk.de"],"url":"https:\/\/unser-landvolk.de\/?author=1"}]}},"jetpack_featured_media_url":"https:\/\/unser-landvolk.de\/wp-content\/uploads\/2021\/07\/kanidaten-landvolk.jpg","_links":{"self":[{"href":"https:\/\/unser-landvolk.de\/index.php?rest_route=\/wp\/v2\/posts\/567","targetHints":{"allow":["GET"]}}],"collection":[{"href":"https:\/\/unser-landvolk.de\/index.php?rest_route=\/wp\/v2\/posts"}],"about":[{"href":"https:\/\/unser-landvolk.de\/index.php?rest_route=\/wp\/v2\/types\/post"}],"author":[{"embeddable":true,"href":"https:\/\/unser-landvolk.de\/index.php?rest_route=\/wp\/v2\/users\/1"}],"replies":[{"embeddable":true,"href":"https:\/\/unser-landvolk.de\/index.php?rest_route=%2Fwp%2Fv2%2Fcomments&post=567"}],"version-history":[{"count":2,"href":"https:\/\/unser-landvolk.de\/index.php?rest_route=\/wp\/v2\/posts\/567\/revisions"}],"predecessor-version":[{"id":570,"href":"https:\/\/unser-landvolk.de\/index.php?rest_route=\/wp\/v2\/posts\/567\/revisions\/570"}],"wp:featuredmedia":[{"embeddable":true,"href":"https:\/\/unser-landvolk.de\/index.php?rest_route=\/wp\/v2\/media\/568"}],"wp:attachment":[{"href":"https:\/\/unser-landvolk.de\/index.php?rest_route=%2Fwp%2Fv2%2Fmedia&parent=567"}],"wp:term":[{"taxonomy":"category","embeddable":true,"href":"https:\/\/unser-landvolk.de\/index.php?rest_route=%2Fwp%2Fv2%2Fcategories&post=567"},{"taxonomy":"post_tag","embeddable":true,"href":"https:\/\/unser-landvolk.de\/index.php?rest_route=%2Fwp%2Fv2%2Ftags&post=567"}],"curies":[{"name":"wp","href":"https:\/\/api.w.org\/{rel}","templated":true}]}}