{"id":563,"date":"2021-07-28T14:12:51","date_gmt":"2021-07-28T12:12:51","guid":{"rendered":"https:\/\/unser-landvolk.de\/?p=563"},"modified":"2021-07-28T14:14:30","modified_gmt":"2021-07-28T12:14:30","slug":"mehr-an-der-umsetzung-von-konzepten","status":"publish","type":"post","link":"https:\/\/unser-landvolk.de\/?p=563","title":{"rendered":"Mehr an der Umsetzung von Konzepten arbeiten"},"content":{"rendered":"\n<p><strong>Diskussion \u00fcber Wegraine geht weiter \/ F\u00f6rderung spielt entscheidende Rolle<br><\/strong><br>In den letzten Wochen wurde viel \u00fcber die Weger\u00e4nder des Landkreises diskutiert. Nicht nur gab es eine Wegschau in Hohnhorst sondern auch in B\u00fcckeburg, an denen unter anderem das Landvolk Weserbergland, die Wegraine AG Schaumburg und weitere aus NABU, Landwirtschaft und Politik beteiligt waren. In einer Nachbereitungsrunde wurden nicht nur die Ergebnisse der bisherigen Wegschauen und einer Expertenrunde pr\u00e4sentiert sondern auch diskutiert, was mit dem Mahdgut passieren soll und inwiefern F\u00f6rderma\u00dfnahmen eine Rolle spielen.\u00a0<\/p>\n\n\n\n<p>Gisela Wicke, Gesch\u00e4ftsbereichsleiterin NLWKN a.D. vom NABU, kl\u00e4rte die Anwesenden noch einmal dar\u00fcber auf, dass Wegraine laut Nieders\u00e4chsischem Weg als ein zentraler Bestandteil f\u00fcr die Vielfalt und F\u00f6rderung von Lebensr\u00e4umen gelten.\u00a0<\/p>\n\n\n\n<figure class=\"wp-block-image size-full\"><img loading=\"lazy\" decoding=\"async\" width=\"461\" height=\"346\" src=\"https:\/\/unser-landvolk.de\/wp-content\/uploads\/2021\/07\/wegera\u0308nder.jpeg\" alt=\"\" class=\"wp-image-564\" srcset=\"https:\/\/unser-landvolk.de\/wp-content\/uploads\/2021\/07\/wegera\u0308nder.jpeg 461w, https:\/\/unser-landvolk.de\/wp-content\/uploads\/2021\/07\/wegera\u0308nder-300x225.jpeg 300w\" sizes=\"auto, (max-width: 461px) 100vw, 461px\" \/><figcaption><strong>\u00dcber die Weger\u00e4nder des Landkreises und ihre Pflege wird seit einigen Wochen diskutiert (Symbolbild).<\/strong><\/figcaption><\/figure>\n\n\n\n<p><strong>Diskussion \u00fcber Mahdtermin\u00a0<\/strong><\/p>\n\n\n\n<p>Die Pflege der Wegr\u00e4nder muss jeweils an den Standort angepasst sein. Wichtig sei hierbei, dass das M\u00e4hgut abger\u00e4umt werden m\u00fcsse. Bj\u00f6rn Roloff, Stiftung Kulturlandpflege, erg\u00e4nzt, dass dies nachweislich die Artenvielfalt erh\u00f6hen w\u00fcrde. Deshalb w\u00fcrden auch H\u00e4ufigkeit, Zeitpunkt und Umfang der Mahd wichtige Rollen spielen, denn zu h\u00e4ufiges M\u00e4hen k\u00f6nnte die Bl\u00fcte und Samenreife verhindern und damit die Raine f\u00fcr die Tierwelt nutzlos machen. Dementsprechend entstand ein sehr komplexer M\u00e4h-Plan, sowohl vom Zeitplan her als auch von der Technik, den Wicke vorstellte.&nbsp;<\/p>\n\n\n\n<p>Nach wie vor sei der Schnittzeitpunkt dennoch ein strittiger Diskussionspunkt \u2013 ebenso, was mit der Mahd danach passieren soll. Beispielsweise k\u00f6nnte man sie nicht einfach als Tierfutter verwenden, da sie z.B. durch Hundekot verunreinigt sein k\u00f6nnte, erg\u00e4nzte Achim Pohl. Auch m\u00fcsste noch mehr an der Umsetzung bisheriger Konzepte gearbeitet werden. &nbsp;<\/p>\n\n\n\n<p><strong>F\u00f6rderungen sind notwendig\u00a0<\/strong><\/p>\n\n\n\n<p>Bei der Mahd sollten zudem m\u00f6glichst insektenschonende Maschinen eingesetzt werden. Diese werden laut Gisela Wicke derzeit entwickelt, kosten dann aber auch Geld. Dementsprechend seien auch F\u00f6rderungen notwendig. Wicke stellte daraufhin zahlreiche F\u00f6rderm\u00f6glichkeiten vor und ging dabei unter anderem auf die Leader-Programme oder Mittel aus der Gemeinschaftsausgabe F\u00f6rderung der Agrarstruktur und des K\u00fcstenschutzes ein. Maschinen k\u00f6nnten auch bei Landschaftswerte erworben werden, denn meist w\u00e4ren fehlende Maschinen aber auch Handlungsleitf\u00e4den der Knackpunkt. Foto: privat\/pixabay&nbsp;<\/p>\n","protected":false},"excerpt":{"rendered":"<p>Diskussion \u00fcber Wegraine geht weiter \/ F\u00f6rderung spielt entscheidende RolleIn den letzten Wochen wurde viel \u00fcber die Weger\u00e4nder des Landkreises diskutiert. Nicht nur gab es eine Wegschau in Hohnhorst sondern auch in B\u00fcckeburg, an denen unter anderem das Landvolk Weserbergland, die Wegraine AG Schaumburg und weitere aus NABU, Landwirtschaft und [&hellip;]<\/p>\n","protected":false},"author":1,"featured_media":564,"comment_status":"closed","ping_status":"open","sticky":false,"template":"","format":"standard","meta":{"_monsterinsights_skip_tracking":false,"_monsterinsights_sitenote_active":false,"_monsterinsights_sitenote_note":"","_monsterinsights_sitenote_category":0,"spay_email":"","footnotes":""},"categories":[1],"tags":[],"class_list":["post-563","post","type-post","status-publish","format-standard","has-post-thumbnail","hentry","category-archiv"],"yoast_head":"<!-- This site is optimized with the Yoast SEO plugin v27.4 - https:\/\/yoast.com\/product\/yoast-seo-wordpress\/ -->\n<title>Mehr an der Umsetzung von Konzepten arbeiten - Unser Landvolk<\/title>\n<meta name=\"robots\" content=\"index, follow, max-snippet:-1, max-image-preview:large, max-video-preview:-1\" \/>\n<link rel=\"canonical\" href=\"https:\/\/unser-landvolk.de\/?p=563\" \/>\n<meta property=\"og:locale\" content=\"de_DE\" \/>\n<meta property=\"og:type\" content=\"article\" \/>\n<meta property=\"og:title\" content=\"Mehr an der Umsetzung von Konzepten arbeiten - Unser Landvolk\" \/>\n<meta property=\"og:description\" content=\"Diskussion \u00fcber Wegraine geht weiter \/ F\u00f6rderung spielt entscheidende RolleIn den letzten Wochen wurde viel \u00fcber die Weger\u00e4nder des Landkreises diskutiert. Nicht nur gab es eine Wegschau in Hohnhorst sondern auch in B\u00fcckeburg, an denen unter anderem das Landvolk Weserbergland, die Wegraine AG Schaumburg und weitere aus NABU, Landwirtschaft und [&hellip;]\" \/>\n<meta property=\"og:url\" content=\"https:\/\/unser-landvolk.de\/?p=563\" \/>\n<meta property=\"og:site_name\" content=\"Unser Landvolk\" \/>\n<meta property=\"article:published_time\" content=\"2021-07-28T12:12:51+00:00\" \/>\n<meta property=\"article:modified_time\" content=\"2021-07-28T12:14:30+00:00\" \/>\n<meta property=\"og:image\" content=\"https:\/\/unser-landvolk.de\/wp-content\/uploads\/2021\/07\/wegera\u0308nder.jpeg\" \/>\n\t<meta property=\"og:image:width\" content=\"461\" \/>\n\t<meta property=\"og:image:height\" content=\"346\" \/>\n\t<meta property=\"og:image:type\" content=\"image\/jpeg\" \/>\n<meta name=\"author\" content=\"kl\" \/>\n<meta name=\"twitter:card\" content=\"summary_large_image\" \/>\n<meta name=\"twitter:label1\" content=\"Verfasst von\" \/>\n\t<meta name=\"twitter:data1\" content=\"kl\" \/>\n\t<meta name=\"twitter:label2\" content=\"Gesch\u00e4tzte Lesezeit\" \/>\n\t<meta name=\"twitter:data2\" content=\"2\u00a0Minuten\" \/>\n<script type=\"application\/ld+json\" class=\"yoast-schema-graph\">{\"@context\":\"https:\\\/\\\/schema.org\",\"@graph\":[{\"@type\":\"Article\",\"@id\":\"https:\\\/\\\/unser-landvolk.de\\\/?p=563#article\",\"isPartOf\":{\"@id\":\"https:\\\/\\\/unser-landvolk.de\\\/?p=563\"},\"author\":{\"name\":\"kl\",\"@id\":\"https:\\\/\\\/unser-landvolk.de\\\/#\\\/schema\\\/person\\\/c0f08f15baa7e436242f280aa06f3c18\"},\"headline\":\"Mehr an der Umsetzung von Konzepten arbeiten\",\"datePublished\":\"2021-07-28T12:12:51+00:00\",\"dateModified\":\"2021-07-28T12:14:30+00:00\",\"mainEntityOfPage\":{\"@id\":\"https:\\\/\\\/unser-landvolk.de\\\/?p=563\"},\"wordCount\":393,\"publisher\":{\"@id\":\"https:\\\/\\\/unser-landvolk.de\\\/#organization\"},\"image\":{\"@id\":\"https:\\\/\\\/unser-landvolk.de\\\/?p=563#primaryimage\"},\"thumbnailUrl\":\"https:\\\/\\\/unser-landvolk.de\\\/wp-content\\\/uploads\\\/2021\\\/07\\\/wegera\u0308nder.jpeg\",\"articleSection\":[\"Archiv\"],\"inLanguage\":\"de\"},{\"@type\":\"WebPage\",\"@id\":\"https:\\\/\\\/unser-landvolk.de\\\/?p=563\",\"url\":\"https:\\\/\\\/unser-landvolk.de\\\/?p=563\",\"name\":\"Mehr an der Umsetzung von Konzepten arbeiten - Unser Landvolk\",\"isPartOf\":{\"@id\":\"https:\\\/\\\/unser-landvolk.de\\\/#website\"},\"primaryImageOfPage\":{\"@id\":\"https:\\\/\\\/unser-landvolk.de\\\/?p=563#primaryimage\"},\"image\":{\"@id\":\"https:\\\/\\\/unser-landvolk.de\\\/?p=563#primaryimage\"},\"thumbnailUrl\":\"https:\\\/\\\/unser-landvolk.de\\\/wp-content\\\/uploads\\\/2021\\\/07\\\/wegera\u0308nder.jpeg\",\"datePublished\":\"2021-07-28T12:12:51+00:00\",\"dateModified\":\"2021-07-28T12:14:30+00:00\",\"breadcrumb\":{\"@id\":\"https:\\\/\\\/unser-landvolk.de\\\/?p=563#breadcrumb\"},\"inLanguage\":\"de\",\"potentialAction\":[{\"@type\":\"ReadAction\",\"target\":[\"https:\\\/\\\/unser-landvolk.de\\\/?p=563\"]}]},{\"@type\":\"ImageObject\",\"inLanguage\":\"de\",\"@id\":\"https:\\\/\\\/unser-landvolk.de\\\/?p=563#primaryimage\",\"url\":\"https:\\\/\\\/unser-landvolk.de\\\/wp-content\\\/uploads\\\/2021\\\/07\\\/wegera\u0308nder.jpeg\",\"contentUrl\":\"https:\\\/\\\/unser-landvolk.de\\\/wp-content\\\/uploads\\\/2021\\\/07\\\/wegera\u0308nder.jpeg\",\"width\":461,\"height\":346,\"caption\":\"wegera\u0308nder\"},{\"@type\":\"BreadcrumbList\",\"@id\":\"https:\\\/\\\/unser-landvolk.de\\\/?p=563#breadcrumb\",\"itemListElement\":[{\"@type\":\"ListItem\",\"position\":1,\"name\":\"Startseite\",\"item\":\"https:\\\/\\\/unser-landvolk.de\\\/\"},{\"@type\":\"ListItem\",\"position\":2,\"name\":\"Mehr an der Umsetzung von Konzepten arbeiten\"}]},{\"@type\":\"WebSite\",\"@id\":\"https:\\\/\\\/unser-landvolk.de\\\/#website\",\"url\":\"https:\\\/\\\/unser-landvolk.de\\\/\",\"name\":\"Unser Landvolk\",\"description\":\"Landwirtschaft in Schaumburg\",\"publisher\":{\"@id\":\"https:\\\/\\\/unser-landvolk.de\\\/#organization\"},\"potentialAction\":[{\"@type\":\"SearchAction\",\"target\":{\"@type\":\"EntryPoint\",\"urlTemplate\":\"https:\\\/\\\/unser-landvolk.de\\\/?s={search_term_string}\"},\"query-input\":{\"@type\":\"PropertyValueSpecification\",\"valueRequired\":true,\"valueName\":\"search_term_string\"}}],\"inLanguage\":\"de\"},{\"@type\":\"Organization\",\"@id\":\"https:\\\/\\\/unser-landvolk.de\\\/#organization\",\"name\":\"Unser Landvolk\",\"url\":\"https:\\\/\\\/unser-landvolk.de\\\/\",\"logo\":{\"@type\":\"ImageObject\",\"inLanguage\":\"de\",\"@id\":\"https:\\\/\\\/unser-landvolk.de\\\/#\\\/schema\\\/logo\\\/image\\\/\",\"url\":\"https:\\\/\\\/unser-landvolk.de\\\/wp-content\\\/uploads\\\/2021\\\/05\\\/cropped-header-650x150-1.jpg\",\"contentUrl\":\"https:\\\/\\\/unser-landvolk.de\\\/wp-content\\\/uploads\\\/2021\\\/05\\\/cropped-header-650x150-1.jpg\",\"width\":1355,\"height\":260,\"caption\":\"Unser Landvolk\"},\"image\":{\"@id\":\"https:\\\/\\\/unser-landvolk.de\\\/#\\\/schema\\\/logo\\\/image\\\/\"}},{\"@type\":\"Person\",\"@id\":\"https:\\\/\\\/unser-landvolk.de\\\/#\\\/schema\\\/person\\\/c0f08f15baa7e436242f280aa06f3c18\",\"name\":\"kl\",\"image\":{\"@type\":\"ImageObject\",\"inLanguage\":\"de\",\"@id\":\"https:\\\/\\\/secure.gravatar.com\\\/avatar\\\/95d9efd984da1aabcc8f4ab5e341dc7f5ccd9e4997044adf78d03744f8614cb8?s=96&d=blank&r=g\",\"url\":\"https:\\\/\\\/secure.gravatar.com\\\/avatar\\\/95d9efd984da1aabcc8f4ab5e341dc7f5ccd9e4997044adf78d03744f8614cb8?s=96&d=blank&r=g\",\"contentUrl\":\"https:\\\/\\\/secure.gravatar.com\\\/avatar\\\/95d9efd984da1aabcc8f4ab5e341dc7f5ccd9e4997044adf78d03744f8614cb8?s=96&d=blank&r=g\",\"caption\":\"kl\"},\"sameAs\":[\"http:\\\/\\\/unser-landvolk.de\"],\"url\":\"https:\\\/\\\/unser-landvolk.de\\\/?author=1\"}]}<\/script>\n<!-- \/ Yoast SEO plugin. -->","yoast_head_json":{"title":"Mehr an der Umsetzung von Konzepten arbeiten - Unser Landvolk","robots":{"index":"index","follow":"follow","max-snippet":"max-snippet:-1","max-image-preview":"max-image-preview:large","max-video-preview":"max-video-preview:-1"},"canonical":"https:\/\/unser-landvolk.de\/?p=563","og_locale":"de_DE","og_type":"article","og_title":"Mehr an der Umsetzung von Konzepten arbeiten - Unser Landvolk","og_description":"Diskussion \u00fcber Wegraine geht weiter \/ F\u00f6rderung spielt entscheidende RolleIn den letzten Wochen wurde viel \u00fcber die Weger\u00e4nder des Landkreises diskutiert. Nicht nur gab es eine Wegschau in Hohnhorst sondern auch in B\u00fcckeburg, an denen unter anderem das Landvolk Weserbergland, die Wegraine AG Schaumburg und weitere aus NABU, Landwirtschaft und [&hellip;]","og_url":"https:\/\/unser-landvolk.de\/?p=563","og_site_name":"Unser Landvolk","article_published_time":"2021-07-28T12:12:51+00:00","article_modified_time":"2021-07-28T12:14:30+00:00","og_image":[{"width":461,"height":346,"url":"https:\/\/unser-landvolk.de\/wp-content\/uploads\/2021\/07\/wegera\u0308nder.jpeg","type":"image\/jpeg"}],"author":"kl","twitter_card":"summary_large_image","twitter_misc":{"Verfasst von":"kl","Gesch\u00e4tzte Lesezeit":"2\u00a0Minuten"},"schema":{"@context":"https:\/\/schema.org","@graph":[{"@type":"Article","@id":"https:\/\/unser-landvolk.de\/?p=563#article","isPartOf":{"@id":"https:\/\/unser-landvolk.de\/?p=563"},"author":{"name":"kl","@id":"https:\/\/unser-landvolk.de\/#\/schema\/person\/c0f08f15baa7e436242f280aa06f3c18"},"headline":"Mehr an der Umsetzung von Konzepten arbeiten","datePublished":"2021-07-28T12:12:51+00:00","dateModified":"2021-07-28T12:14:30+00:00","mainEntityOfPage":{"@id":"https:\/\/unser-landvolk.de\/?p=563"},"wordCount":393,"publisher":{"@id":"https:\/\/unser-landvolk.de\/#organization"},"image":{"@id":"https:\/\/unser-landvolk.de\/?p=563#primaryimage"},"thumbnailUrl":"https:\/\/unser-landvolk.de\/wp-content\/uploads\/2021\/07\/wegera\u0308nder.jpeg","articleSection":["Archiv"],"inLanguage":"de"},{"@type":"WebPage","@id":"https:\/\/unser-landvolk.de\/?p=563","url":"https:\/\/unser-landvolk.de\/?p=563","name":"Mehr an der Umsetzung von Konzepten arbeiten - Unser Landvolk","isPartOf":{"@id":"https:\/\/unser-landvolk.de\/#website"},"primaryImageOfPage":{"@id":"https:\/\/unser-landvolk.de\/?p=563#primaryimage"},"image":{"@id":"https:\/\/unser-landvolk.de\/?p=563#primaryimage"},"thumbnailUrl":"https:\/\/unser-landvolk.de\/wp-content\/uploads\/2021\/07\/wegera\u0308nder.jpeg","datePublished":"2021-07-28T12:12:51+00:00","dateModified":"2021-07-28T12:14:30+00:00","breadcrumb":{"@id":"https:\/\/unser-landvolk.de\/?p=563#breadcrumb"},"inLanguage":"de","potentialAction":[{"@type":"ReadAction","target":["https:\/\/unser-landvolk.de\/?p=563"]}]},{"@type":"ImageObject","inLanguage":"de","@id":"https:\/\/unser-landvolk.de\/?p=563#primaryimage","url":"https:\/\/unser-landvolk.de\/wp-content\/uploads\/2021\/07\/wegera\u0308nder.jpeg","contentUrl":"https:\/\/unser-landvolk.de\/wp-content\/uploads\/2021\/07\/wegera\u0308nder.jpeg","width":461,"height":346,"caption":"wegera\u0308nder"},{"@type":"BreadcrumbList","@id":"https:\/\/unser-landvolk.de\/?p=563#breadcrumb","itemListElement":[{"@type":"ListItem","position":1,"name":"Startseite","item":"https:\/\/unser-landvolk.de\/"},{"@type":"ListItem","position":2,"name":"Mehr an der Umsetzung von Konzepten arbeiten"}]},{"@type":"WebSite","@id":"https:\/\/unser-landvolk.de\/#website","url":"https:\/\/unser-landvolk.de\/","name":"Unser Landvolk","description":"Landwirtschaft in Schaumburg","publisher":{"@id":"https:\/\/unser-landvolk.de\/#organization"},"potentialAction":[{"@type":"SearchAction","target":{"@type":"EntryPoint","urlTemplate":"https:\/\/unser-landvolk.de\/?s={search_term_string}"},"query-input":{"@type":"PropertyValueSpecification","valueRequired":true,"valueName":"search_term_string"}}],"inLanguage":"de"},{"@type":"Organization","@id":"https:\/\/unser-landvolk.de\/#organization","name":"Unser Landvolk","url":"https:\/\/unser-landvolk.de\/","logo":{"@type":"ImageObject","inLanguage":"de","@id":"https:\/\/unser-landvolk.de\/#\/schema\/logo\/image\/","url":"https:\/\/unser-landvolk.de\/wp-content\/uploads\/2021\/05\/cropped-header-650x150-1.jpg","contentUrl":"https:\/\/unser-landvolk.de\/wp-content\/uploads\/2021\/05\/cropped-header-650x150-1.jpg","width":1355,"height":260,"caption":"Unser Landvolk"},"image":{"@id":"https:\/\/unser-landvolk.de\/#\/schema\/logo\/image\/"}},{"@type":"Person","@id":"https:\/\/unser-landvolk.de\/#\/schema\/person\/c0f08f15baa7e436242f280aa06f3c18","name":"kl","image":{"@type":"ImageObject","inLanguage":"de","@id":"https:\/\/secure.gravatar.com\/avatar\/95d9efd984da1aabcc8f4ab5e341dc7f5ccd9e4997044adf78d03744f8614cb8?s=96&d=blank&r=g","url":"https:\/\/secure.gravatar.com\/avatar\/95d9efd984da1aabcc8f4ab5e341dc7f5ccd9e4997044adf78d03744f8614cb8?s=96&d=blank&r=g","contentUrl":"https:\/\/secure.gravatar.com\/avatar\/95d9efd984da1aabcc8f4ab5e341dc7f5ccd9e4997044adf78d03744f8614cb8?s=96&d=blank&r=g","caption":"kl"},"sameAs":["http:\/\/unser-landvolk.de"],"url":"https:\/\/unser-landvolk.de\/?author=1"}]}},"jetpack_featured_media_url":"https:\/\/unser-landvolk.de\/wp-content\/uploads\/2021\/07\/wegera\u0308nder.jpeg","_links":{"self":[{"href":"https:\/\/unser-landvolk.de\/index.php?rest_route=\/wp\/v2\/posts\/563","targetHints":{"allow":["GET"]}}],"collection":[{"href":"https:\/\/unser-landvolk.de\/index.php?rest_route=\/wp\/v2\/posts"}],"about":[{"href":"https:\/\/unser-landvolk.de\/index.php?rest_route=\/wp\/v2\/types\/post"}],"author":[{"embeddable":true,"href":"https:\/\/unser-landvolk.de\/index.php?rest_route=\/wp\/v2\/users\/1"}],"replies":[{"embeddable":true,"href":"https:\/\/unser-landvolk.de\/index.php?rest_route=%2Fwp%2Fv2%2Fcomments&post=563"}],"version-history":[{"count":2,"href":"https:\/\/unser-landvolk.de\/index.php?rest_route=\/wp\/v2\/posts\/563\/revisions"}],"predecessor-version":[{"id":566,"href":"https:\/\/unser-landvolk.de\/index.php?rest_route=\/wp\/v2\/posts\/563\/revisions\/566"}],"wp:featuredmedia":[{"embeddable":true,"href":"https:\/\/unser-landvolk.de\/index.php?rest_route=\/wp\/v2\/media\/564"}],"wp:attachment":[{"href":"https:\/\/unser-landvolk.de\/index.php?rest_route=%2Fwp%2Fv2%2Fmedia&parent=563"}],"wp:term":[{"taxonomy":"category","embeddable":true,"href":"https:\/\/unser-landvolk.de\/index.php?rest_route=%2Fwp%2Fv2%2Fcategories&post=563"},{"taxonomy":"post_tag","embeddable":true,"href":"https:\/\/unser-landvolk.de\/index.php?rest_route=%2Fwp%2Fv2%2Ftags&post=563"}],"curies":[{"name":"wp","href":"https:\/\/api.w.org\/{rel}","templated":true}]}}