{"id":535,"date":"2021-05-25T14:00:30","date_gmt":"2021-05-25T12:00:30","guid":{"rendered":"https:\/\/unser-landvolk.de\/?p=535"},"modified":"2021-05-25T14:00:32","modified_gmt":"2021-05-25T12:00:32","slug":"gemeinsam-konzepte-fuer-den-naturschutz-entwickeln","status":"publish","type":"post","link":"https:\/\/unser-landvolk.de\/?p=535","title":{"rendered":"Gemeinsam Konzepte f\u00fcr den Naturschutz entwickeln"},"content":{"rendered":"\n<p>Das landwirtschaftliche Wegenetz in Deutschland hat eine L\u00e4nge von etwa 325.000 Kilometern. Bei einer durchschnittlichen Wegrandbreite von nur 1,5 Meter je Seite entspr\u00e4che dies bereits einer Gesamtfl\u00e4che von fast 100.000 Hektar \u2013 so gro\u00df wie die Fl\u00e4che der Stadt Berlin. Genau an diesen Wegr\u00e4ndern verbergen sich deshalb gewaltige Potentiale f\u00fcr den Naturschutz \u2013 aber nur wenn sie sinnvoll genutzt werden. Anl\u00e4sslich zum heutigen Tag der Erhaltung der biologischen Artenvielfalt hatte das Landvolk deshalb zu einer Wegschau in Hohnhorst eingeladen, um gemeinsam zu diskutieren, wie eine solche Nutzung aussehen kann und wer sich letztendlich um diese Wegr\u00e4nder k\u00fcmmern soll. Das Landvolk Niedersachsen hat daf\u00fcr zusammen mit der Stiftung Kulturlandpflege Niedersachsen eine Wegrand-Initiative ins Leben gerufen, die darauf abzielt, die Naturschutzqualit\u00e4t der sogenannten Wegraine nachhaltig zu sichern und zu verbessern. Bj\u00f6rn Rohloff stellte diese kurz vor und betonte dabei, dass ohne die Wegr\u00e4nder die Artenvielfalt zur\u00fcck gehen w\u00fcrde. Allerdings h\u00e4tten diese an Qualit\u00e4t und Quantit\u00e4t in den letzten Jahrzehnten verloren. Als Ma\u00dfnahme schlug er unter anderem vor, dass das M\u00e4hregime umgestellt werden m\u00fcsse, sodass z.B. die Mahd, das Schnittgut der Wegr\u00e4nder, bestenfalls abgefahren werden m\u00fcsse. Doch gleichzeitig erw\u00e4hnt er auch die Schwierigkeiten dabei, denn daf\u00fcr seien bestimmte Maschinen notwendig.<\/p>\n\n\n\n<figure class=\"wp-block-image size-large\"><img loading=\"lazy\" decoding=\"async\" width=\"1000\" height=\"750\" src=\"https:\/\/unser-landvolk.de\/wp-content\/uploads\/2021\/05\/Foto2.jpg\" alt=\"\" class=\"wp-image-537\" srcset=\"https:\/\/unser-landvolk.de\/wp-content\/uploads\/2021\/05\/Foto2.jpg 1000w, https:\/\/unser-landvolk.de\/wp-content\/uploads\/2021\/05\/Foto2-300x225.jpg 300w, https:\/\/unser-landvolk.de\/wp-content\/uploads\/2021\/05\/Foto2-768x576.jpg 768w, https:\/\/unser-landvolk.de\/wp-content\/uploads\/2021\/05\/Foto2-800x600.jpg 800w\" sizes=\"auto, (max-width: 1000px) 100vw, 1000px\" \/><\/figure>\n\n\n\n<p>Auch best\u00fcnden Probleme bei der Feststellung der Eigent\u00fcmer der Fl\u00e4chen, denn einigen Fl\u00e4chenbewirtschaftern sei nach Generationen nicht mehr bekannt, wo die tats\u00e4chlichen Grenzen einiger ihrer Felder seien. \u201eLetztendlich obliegt es jedoch dem Besitzer, wie mit seinem Land umgegangen wird\u201c, erl\u00e4utert Cord Lattwesen. Von praktischen Erfahrungen konnten deshalb Lattwesen, der B\u00fcrgermeister und Landwirt in Hohnhorst ist, und Dr. Marion Oblasser der Stadt Bad Nenndorf berichten, denn beide Gemeinden haben ein Wegraine-Konzept entwickelt und konnten so einen Erfahrungsbericht zur Umsetzung und dem Pflegekonzept leisten. Wegraine-Konzept der Stadt Bad Nenndorf Dr. Marion Oblasser stellte den eher pragmatischen Ansatz des Wegraine-Konzeptes der Stadt Bad Nenndorf vor. Dieses zielgerichtete Pflegekonzept h\u00e4lt genau fest, wie mit den Wegrainen umgegangen werden muss und wer f\u00fcr sie zust\u00e4ndig ist. Dabei sollen diese m\u00f6glichst extensiv gepflegt werden. Das hei\u00dft, dass m\u00f6glichst die nat\u00fcrliche Entwicklung im Vordergrund stehen soll, da die Wegraine als Futterquelle und R\u00fcckzugsort f\u00fcr Tiere gelten. Allerdings ist auch hier das M\u00e4hen und Abtragen mit Kosten verbunden. \u201eDas haben wir in Bad Nenndorf bisher aber ganz gut gel\u00f6st mithilfe des Bauhofs, aber das geht in Hohnhorst nicht. Hier m\u00fcssten die Landwirte mit eigenen Ger\u00e4ten anr\u00fccken\u201c, sagt Oblasser. Doch hier sei wieder das Problem, dass daf\u00fcr die richtigen Maschinen gebraucht werden. Leitbild muss erstellt werden Ziel der gemeinsamen Wegschau war der konkrete Austausch \u00fcber verschiedene Handlungskonzepte und diese Konzepte auch noch weiter nach au\u00dfen zu tragen. Denn nur so und gemeinsam vor Ort k\u00f6nnten Konzepte gemeinsam aufgestellt und verbessert werden, betont nicht nur Rohloff sondern auch Lattwesen. \u201eDaf\u00fcr haben wir hier in Hohnhorst schon gut vorgearbeitet und jetzt kommt es eben auf die Zusammenarbeit an\u201c, sagt Lattwesen. Foto: jb\/privat<\/p>\n","protected":false},"excerpt":{"rendered":"<p>Das landwirtschaftliche Wegenetz in Deutschland hat eine L\u00e4nge von etwa 325.000 Kilometern. Bei einer durchschnittlichen Wegrandbreite von nur 1,5 Meter je Seite entspr\u00e4che dies bereits einer Gesamtfl\u00e4che von fast 100.000 Hektar \u2013 so gro\u00df wie die Fl\u00e4che der Stadt Berlin. Genau an diesen Wegr\u00e4ndern verbergen sich deshalb gewaltige Potentiale f\u00fcr [&hellip;]<\/p>\n","protected":false},"author":1,"featured_media":536,"comment_status":"closed","ping_status":"open","sticky":false,"template":"","format":"standard","meta":{"_monsterinsights_skip_tracking":false,"_monsterinsights_sitenote_active":false,"_monsterinsights_sitenote_note":"","_monsterinsights_sitenote_category":0,"spay_email":"","footnotes":""},"categories":[1],"tags":[],"class_list":["post-535","post","type-post","status-publish","format-standard","has-post-thumbnail","hentry","category-archiv"],"yoast_head":"<!-- This site is optimized with the Yoast SEO plugin v27.4 - https:\/\/yoast.com\/product\/yoast-seo-wordpress\/ -->\n<title>Gemeinsam Konzepte f\u00fcr den Naturschutz entwickeln - Unser Landvolk<\/title>\n<meta name=\"robots\" content=\"index, follow, max-snippet:-1, max-image-preview:large, max-video-preview:-1\" \/>\n<link rel=\"canonical\" href=\"https:\/\/unser-landvolk.de\/?p=535\" \/>\n<meta property=\"og:locale\" content=\"de_DE\" \/>\n<meta property=\"og:type\" content=\"article\" \/>\n<meta property=\"og:title\" content=\"Gemeinsam Konzepte f\u00fcr den Naturschutz entwickeln - Unser Landvolk\" \/>\n<meta property=\"og:description\" content=\"Das landwirtschaftliche Wegenetz in Deutschland hat eine L\u00e4nge von etwa 325.000 Kilometern. Bei einer durchschnittlichen Wegrandbreite von nur 1,5 Meter je Seite entspr\u00e4che dies bereits einer Gesamtfl\u00e4che von fast 100.000 Hektar \u2013 so gro\u00df wie die Fl\u00e4che der Stadt Berlin. Genau an diesen Wegr\u00e4ndern verbergen sich deshalb gewaltige Potentiale f\u00fcr [&hellip;]\" \/>\n<meta property=\"og:url\" content=\"https:\/\/unser-landvolk.de\/?p=535\" \/>\n<meta property=\"og:site_name\" content=\"Unser Landvolk\" \/>\n<meta property=\"article:published_time\" content=\"2021-05-25T12:00:30+00:00\" \/>\n<meta property=\"article:modified_time\" content=\"2021-05-25T12:00:32+00:00\" \/>\n<meta property=\"og:image\" content=\"https:\/\/unser-landvolk.de\/wp-content\/uploads\/2021\/05\/Foto1.jpg\" \/>\n\t<meta property=\"og:image:width\" content=\"1000\" \/>\n\t<meta property=\"og:image:height\" content=\"750\" \/>\n\t<meta property=\"og:image:type\" content=\"image\/jpeg\" \/>\n<meta name=\"author\" content=\"kl\" \/>\n<meta name=\"twitter:card\" content=\"summary_large_image\" \/>\n<meta name=\"twitter:label1\" content=\"Verfasst von\" \/>\n\t<meta name=\"twitter:data1\" content=\"kl\" \/>\n\t<meta name=\"twitter:label2\" content=\"Gesch\u00e4tzte Lesezeit\" \/>\n\t<meta name=\"twitter:data2\" content=\"3\u00a0Minuten\" \/>\n<script type=\"application\/ld+json\" class=\"yoast-schema-graph\">{\"@context\":\"https:\\\/\\\/schema.org\",\"@graph\":[{\"@type\":\"Article\",\"@id\":\"https:\\\/\\\/unser-landvolk.de\\\/?p=535#article\",\"isPartOf\":{\"@id\":\"https:\\\/\\\/unser-landvolk.de\\\/?p=535\"},\"author\":{\"name\":\"kl\",\"@id\":\"https:\\\/\\\/unser-landvolk.de\\\/#\\\/schema\\\/person\\\/c0f08f15baa7e436242f280aa06f3c18\"},\"headline\":\"Gemeinsam Konzepte f\u00fcr den Naturschutz entwickeln\",\"datePublished\":\"2021-05-25T12:00:30+00:00\",\"dateModified\":\"2021-05-25T12:00:32+00:00\",\"mainEntityOfPage\":{\"@id\":\"https:\\\/\\\/unser-landvolk.de\\\/?p=535\"},\"wordCount\":522,\"publisher\":{\"@id\":\"https:\\\/\\\/unser-landvolk.de\\\/#organization\"},\"image\":{\"@id\":\"https:\\\/\\\/unser-landvolk.de\\\/?p=535#primaryimage\"},\"thumbnailUrl\":\"https:\\\/\\\/unser-landvolk.de\\\/wp-content\\\/uploads\\\/2021\\\/05\\\/Foto1.jpg\",\"articleSection\":[\"Archiv\"],\"inLanguage\":\"de\"},{\"@type\":\"WebPage\",\"@id\":\"https:\\\/\\\/unser-landvolk.de\\\/?p=535\",\"url\":\"https:\\\/\\\/unser-landvolk.de\\\/?p=535\",\"name\":\"Gemeinsam Konzepte f\u00fcr den Naturschutz entwickeln - Unser Landvolk\",\"isPartOf\":{\"@id\":\"https:\\\/\\\/unser-landvolk.de\\\/#website\"},\"primaryImageOfPage\":{\"@id\":\"https:\\\/\\\/unser-landvolk.de\\\/?p=535#primaryimage\"},\"image\":{\"@id\":\"https:\\\/\\\/unser-landvolk.de\\\/?p=535#primaryimage\"},\"thumbnailUrl\":\"https:\\\/\\\/unser-landvolk.de\\\/wp-content\\\/uploads\\\/2021\\\/05\\\/Foto1.jpg\",\"datePublished\":\"2021-05-25T12:00:30+00:00\",\"dateModified\":\"2021-05-25T12:00:32+00:00\",\"breadcrumb\":{\"@id\":\"https:\\\/\\\/unser-landvolk.de\\\/?p=535#breadcrumb\"},\"inLanguage\":\"de\",\"potentialAction\":[{\"@type\":\"ReadAction\",\"target\":[\"https:\\\/\\\/unser-landvolk.de\\\/?p=535\"]}]},{\"@type\":\"ImageObject\",\"inLanguage\":\"de\",\"@id\":\"https:\\\/\\\/unser-landvolk.de\\\/?p=535#primaryimage\",\"url\":\"https:\\\/\\\/unser-landvolk.de\\\/wp-content\\\/uploads\\\/2021\\\/05\\\/Foto1.jpg\",\"contentUrl\":\"https:\\\/\\\/unser-landvolk.de\\\/wp-content\\\/uploads\\\/2021\\\/05\\\/Foto1.jpg\",\"width\":1000,\"height\":750},{\"@type\":\"BreadcrumbList\",\"@id\":\"https:\\\/\\\/unser-landvolk.de\\\/?p=535#breadcrumb\",\"itemListElement\":[{\"@type\":\"ListItem\",\"position\":1,\"name\":\"Startseite\",\"item\":\"https:\\\/\\\/unser-landvolk.de\\\/\"},{\"@type\":\"ListItem\",\"position\":2,\"name\":\"Gemeinsam Konzepte f\u00fcr den Naturschutz entwickeln\"}]},{\"@type\":\"WebSite\",\"@id\":\"https:\\\/\\\/unser-landvolk.de\\\/#website\",\"url\":\"https:\\\/\\\/unser-landvolk.de\\\/\",\"name\":\"Unser Landvolk\",\"description\":\"Landwirtschaft in Schaumburg\",\"publisher\":{\"@id\":\"https:\\\/\\\/unser-landvolk.de\\\/#organization\"},\"potentialAction\":[{\"@type\":\"SearchAction\",\"target\":{\"@type\":\"EntryPoint\",\"urlTemplate\":\"https:\\\/\\\/unser-landvolk.de\\\/?s={search_term_string}\"},\"query-input\":{\"@type\":\"PropertyValueSpecification\",\"valueRequired\":true,\"valueName\":\"search_term_string\"}}],\"inLanguage\":\"de\"},{\"@type\":\"Organization\",\"@id\":\"https:\\\/\\\/unser-landvolk.de\\\/#organization\",\"name\":\"Unser Landvolk\",\"url\":\"https:\\\/\\\/unser-landvolk.de\\\/\",\"logo\":{\"@type\":\"ImageObject\",\"inLanguage\":\"de\",\"@id\":\"https:\\\/\\\/unser-landvolk.de\\\/#\\\/schema\\\/logo\\\/image\\\/\",\"url\":\"https:\\\/\\\/unser-landvolk.de\\\/wp-content\\\/uploads\\\/2021\\\/05\\\/cropped-header-650x150-1.jpg\",\"contentUrl\":\"https:\\\/\\\/unser-landvolk.de\\\/wp-content\\\/uploads\\\/2021\\\/05\\\/cropped-header-650x150-1.jpg\",\"width\":1355,\"height\":260,\"caption\":\"Unser Landvolk\"},\"image\":{\"@id\":\"https:\\\/\\\/unser-landvolk.de\\\/#\\\/schema\\\/logo\\\/image\\\/\"}},{\"@type\":\"Person\",\"@id\":\"https:\\\/\\\/unser-landvolk.de\\\/#\\\/schema\\\/person\\\/c0f08f15baa7e436242f280aa06f3c18\",\"name\":\"kl\",\"image\":{\"@type\":\"ImageObject\",\"inLanguage\":\"de\",\"@id\":\"https:\\\/\\\/secure.gravatar.com\\\/avatar\\\/95d9efd984da1aabcc8f4ab5e341dc7f5ccd9e4997044adf78d03744f8614cb8?s=96&d=blank&r=g\",\"url\":\"https:\\\/\\\/secure.gravatar.com\\\/avatar\\\/95d9efd984da1aabcc8f4ab5e341dc7f5ccd9e4997044adf78d03744f8614cb8?s=96&d=blank&r=g\",\"contentUrl\":\"https:\\\/\\\/secure.gravatar.com\\\/avatar\\\/95d9efd984da1aabcc8f4ab5e341dc7f5ccd9e4997044adf78d03744f8614cb8?s=96&d=blank&r=g\",\"caption\":\"kl\"},\"sameAs\":[\"http:\\\/\\\/unser-landvolk.de\"],\"url\":\"https:\\\/\\\/unser-landvolk.de\\\/?author=1\"}]}<\/script>\n<!-- \/ Yoast SEO plugin. -->","yoast_head_json":{"title":"Gemeinsam Konzepte f\u00fcr den Naturschutz entwickeln - Unser Landvolk","robots":{"index":"index","follow":"follow","max-snippet":"max-snippet:-1","max-image-preview":"max-image-preview:large","max-video-preview":"max-video-preview:-1"},"canonical":"https:\/\/unser-landvolk.de\/?p=535","og_locale":"de_DE","og_type":"article","og_title":"Gemeinsam Konzepte f\u00fcr den Naturschutz entwickeln - Unser Landvolk","og_description":"Das landwirtschaftliche Wegenetz in Deutschland hat eine L\u00e4nge von etwa 325.000 Kilometern. Bei einer durchschnittlichen Wegrandbreite von nur 1,5 Meter je Seite entspr\u00e4che dies bereits einer Gesamtfl\u00e4che von fast 100.000 Hektar \u2013 so gro\u00df wie die Fl\u00e4che der Stadt Berlin. Genau an diesen Wegr\u00e4ndern verbergen sich deshalb gewaltige Potentiale f\u00fcr [&hellip;]","og_url":"https:\/\/unser-landvolk.de\/?p=535","og_site_name":"Unser Landvolk","article_published_time":"2021-05-25T12:00:30+00:00","article_modified_time":"2021-05-25T12:00:32+00:00","og_image":[{"width":1000,"height":750,"url":"https:\/\/unser-landvolk.de\/wp-content\/uploads\/2021\/05\/Foto1.jpg","type":"image\/jpeg"}],"author":"kl","twitter_card":"summary_large_image","twitter_misc":{"Verfasst von":"kl","Gesch\u00e4tzte Lesezeit":"3\u00a0Minuten"},"schema":{"@context":"https:\/\/schema.org","@graph":[{"@type":"Article","@id":"https:\/\/unser-landvolk.de\/?p=535#article","isPartOf":{"@id":"https:\/\/unser-landvolk.de\/?p=535"},"author":{"name":"kl","@id":"https:\/\/unser-landvolk.de\/#\/schema\/person\/c0f08f15baa7e436242f280aa06f3c18"},"headline":"Gemeinsam Konzepte f\u00fcr den Naturschutz entwickeln","datePublished":"2021-05-25T12:00:30+00:00","dateModified":"2021-05-25T12:00:32+00:00","mainEntityOfPage":{"@id":"https:\/\/unser-landvolk.de\/?p=535"},"wordCount":522,"publisher":{"@id":"https:\/\/unser-landvolk.de\/#organization"},"image":{"@id":"https:\/\/unser-landvolk.de\/?p=535#primaryimage"},"thumbnailUrl":"https:\/\/unser-landvolk.de\/wp-content\/uploads\/2021\/05\/Foto1.jpg","articleSection":["Archiv"],"inLanguage":"de"},{"@type":"WebPage","@id":"https:\/\/unser-landvolk.de\/?p=535","url":"https:\/\/unser-landvolk.de\/?p=535","name":"Gemeinsam Konzepte f\u00fcr den Naturschutz entwickeln - Unser Landvolk","isPartOf":{"@id":"https:\/\/unser-landvolk.de\/#website"},"primaryImageOfPage":{"@id":"https:\/\/unser-landvolk.de\/?p=535#primaryimage"},"image":{"@id":"https:\/\/unser-landvolk.de\/?p=535#primaryimage"},"thumbnailUrl":"https:\/\/unser-landvolk.de\/wp-content\/uploads\/2021\/05\/Foto1.jpg","datePublished":"2021-05-25T12:00:30+00:00","dateModified":"2021-05-25T12:00:32+00:00","breadcrumb":{"@id":"https:\/\/unser-landvolk.de\/?p=535#breadcrumb"},"inLanguage":"de","potentialAction":[{"@type":"ReadAction","target":["https:\/\/unser-landvolk.de\/?p=535"]}]},{"@type":"ImageObject","inLanguage":"de","@id":"https:\/\/unser-landvolk.de\/?p=535#primaryimage","url":"https:\/\/unser-landvolk.de\/wp-content\/uploads\/2021\/05\/Foto1.jpg","contentUrl":"https:\/\/unser-landvolk.de\/wp-content\/uploads\/2021\/05\/Foto1.jpg","width":1000,"height":750},{"@type":"BreadcrumbList","@id":"https:\/\/unser-landvolk.de\/?p=535#breadcrumb","itemListElement":[{"@type":"ListItem","position":1,"name":"Startseite","item":"https:\/\/unser-landvolk.de\/"},{"@type":"ListItem","position":2,"name":"Gemeinsam Konzepte f\u00fcr den Naturschutz entwickeln"}]},{"@type":"WebSite","@id":"https:\/\/unser-landvolk.de\/#website","url":"https:\/\/unser-landvolk.de\/","name":"Unser Landvolk","description":"Landwirtschaft in Schaumburg","publisher":{"@id":"https:\/\/unser-landvolk.de\/#organization"},"potentialAction":[{"@type":"SearchAction","target":{"@type":"EntryPoint","urlTemplate":"https:\/\/unser-landvolk.de\/?s={search_term_string}"},"query-input":{"@type":"PropertyValueSpecification","valueRequired":true,"valueName":"search_term_string"}}],"inLanguage":"de"},{"@type":"Organization","@id":"https:\/\/unser-landvolk.de\/#organization","name":"Unser Landvolk","url":"https:\/\/unser-landvolk.de\/","logo":{"@type":"ImageObject","inLanguage":"de","@id":"https:\/\/unser-landvolk.de\/#\/schema\/logo\/image\/","url":"https:\/\/unser-landvolk.de\/wp-content\/uploads\/2021\/05\/cropped-header-650x150-1.jpg","contentUrl":"https:\/\/unser-landvolk.de\/wp-content\/uploads\/2021\/05\/cropped-header-650x150-1.jpg","width":1355,"height":260,"caption":"Unser Landvolk"},"image":{"@id":"https:\/\/unser-landvolk.de\/#\/schema\/logo\/image\/"}},{"@type":"Person","@id":"https:\/\/unser-landvolk.de\/#\/schema\/person\/c0f08f15baa7e436242f280aa06f3c18","name":"kl","image":{"@type":"ImageObject","inLanguage":"de","@id":"https:\/\/secure.gravatar.com\/avatar\/95d9efd984da1aabcc8f4ab5e341dc7f5ccd9e4997044adf78d03744f8614cb8?s=96&d=blank&r=g","url":"https:\/\/secure.gravatar.com\/avatar\/95d9efd984da1aabcc8f4ab5e341dc7f5ccd9e4997044adf78d03744f8614cb8?s=96&d=blank&r=g","contentUrl":"https:\/\/secure.gravatar.com\/avatar\/95d9efd984da1aabcc8f4ab5e341dc7f5ccd9e4997044adf78d03744f8614cb8?s=96&d=blank&r=g","caption":"kl"},"sameAs":["http:\/\/unser-landvolk.de"],"url":"https:\/\/unser-landvolk.de\/?author=1"}]}},"jetpack_featured_media_url":"https:\/\/unser-landvolk.de\/wp-content\/uploads\/2021\/05\/Foto1.jpg","_links":{"self":[{"href":"https:\/\/unser-landvolk.de\/index.php?rest_route=\/wp\/v2\/posts\/535","targetHints":{"allow":["GET"]}}],"collection":[{"href":"https:\/\/unser-landvolk.de\/index.php?rest_route=\/wp\/v2\/posts"}],"about":[{"href":"https:\/\/unser-landvolk.de\/index.php?rest_route=\/wp\/v2\/types\/post"}],"author":[{"embeddable":true,"href":"https:\/\/unser-landvolk.de\/index.php?rest_route=\/wp\/v2\/users\/1"}],"replies":[{"embeddable":true,"href":"https:\/\/unser-landvolk.de\/index.php?rest_route=%2Fwp%2Fv2%2Fcomments&post=535"}],"version-history":[{"count":1,"href":"https:\/\/unser-landvolk.de\/index.php?rest_route=\/wp\/v2\/posts\/535\/revisions"}],"predecessor-version":[{"id":538,"href":"https:\/\/unser-landvolk.de\/index.php?rest_route=\/wp\/v2\/posts\/535\/revisions\/538"}],"wp:featuredmedia":[{"embeddable":true,"href":"https:\/\/unser-landvolk.de\/index.php?rest_route=\/wp\/v2\/media\/536"}],"wp:attachment":[{"href":"https:\/\/unser-landvolk.de\/index.php?rest_route=%2Fwp%2Fv2%2Fmedia&parent=535"}],"wp:term":[{"taxonomy":"category","embeddable":true,"href":"https:\/\/unser-landvolk.de\/index.php?rest_route=%2Fwp%2Fv2%2Fcategories&post=535"},{"taxonomy":"post_tag","embeddable":true,"href":"https:\/\/unser-landvolk.de\/index.php?rest_route=%2Fwp%2Fv2%2Ftags&post=535"}],"curies":[{"name":"wp","href":"https:\/\/api.w.org\/{rel}","templated":true}]}}