{"id":532,"date":"2021-05-18T14:35:20","date_gmt":"2021-05-18T12:35:20","guid":{"rendered":"https:\/\/unser-landvolk.de\/?p=532"},"modified":"2021-05-18T14:36:05","modified_gmt":"2021-05-18T12:36:05","slug":"bewegung-auf-den-feldern-und-wiesen-im-weserbergland","status":"publish","type":"post","link":"https:\/\/unser-landvolk.de\/?p=532","title":{"rendered":"Bewegung auf den Feldern und Wiesen im Weserbergland"},"content":{"rendered":"\n<p>Sobald die Felder im Fr\u00fchjahr wieder befahrbar sind, werden die landwirtschaftlichen Fl\u00e4chen f\u00fcr die Aussaat vorbereitet, D\u00fcnger wird ausgebraucht, R\u00fcben werden ges\u00e4t und das Gr\u00fcnland wird bearbeitet. Mit den ersten w\u00e4rmenden Sonnenstrahlen, die wir vor Ostern schon genie\u00dfen konnten, nimmt der Stoffwechsel der Pflanzen nach dem Winter wieder zu, sie beginnen zu wachsen und im Weserbergland wird es strahlend frisch gr\u00fcn auf den Feldern und Wiesen.<br>Regul\u00e4r sind die Landwirtinnen und Landwirte in dieser Jahreszeit damit besch\u00e4ftigt, die Felder zu D\u00fcngen, da die Pflanzen in diesem fr\u00fchen Wachstumsstadium nur kurze Wurzeln haben und den D\u00fcnger als Wachstumshilfe ben\u00f6tigen. In einem bekannten Lied hei\u00dft es: \u201eIm M\u00e4rzen der Bauer die R\u00f6sslein angespannt, er setzt seine Felder und Wiesen in Stand\u201c, zwar wird die Arbeit heute nicht mehr mit den R\u00f6sslein, also den Pferden betrieben, trotzdem hat sich an der Arbeit wenig ver\u00e4ndert. Im Fr\u00fchjahr m\u00fcssen die Wiesen in Stand gesetzt werden. Durch den Winter und den Schnee m\u00fcssen die Landwirtinnen und Landwirte im Fr\u00fchjahr schauen, in welchem Zustand sich die Wiesen befinden, ob L\u00f6cher oder andere Sch\u00e4den durch den Frost entstanden sind, die repariert werden wollen. Im Landkreis Schaumburg werden insgesamt etwa 4700 Hektar Gr\u00fcnland bewirtschaftet. Die f\u00fcr die Region typischen Gradienten der Bewirtschaftung fangen mit der Intensivlandwirtschaft an \u00fcber eine mittelstarke bis hin zu einer extensiven Bewirtschaftung, teilweise auch in Naturschutzgebieten.<br>Intensivlandwirtschaft bedeutet, dass das Gr\u00fcnland beispielsweise dreimal im Jahr gem\u00e4ht und ged\u00fcngt wird. Ged\u00fcngt wird das Gr\u00fcnland durch das sogenannte Schlitzverfahren. Bei diesem Verfahren schneidet eine Scheibe den Boden auf und dr\u00fcckt ihn v-f\u00f6rmig auseinander. In diesen Schlitz wird G\u00fclle ein bis f\u00fcnf Centimeter tief eingebracht. Die Ammoniakverluste sind hier sehr gering und die N\u00e4hrstoffausbeute sehr effizient, da der D\u00fcnger direkt an die Wurzeln der Pflanzen gebracht wird. Gro\u00dfe Maschinen und riesige G\u00fcllef\u00e4sser sind bei dieser Arbeit nicht gleichbedeutend mit riesigen G\u00fcllemengen die ausgebracht werden, sondern je teurer und moderner die Maschinen sind, umso exakter ist zumeist die Verteilung der G\u00fclle und die Austragungsmenge. Bei der extensiven Bewirtschaftungsform hingegen darf kein D\u00fcnger ausgebracht werden, da diese Fl\u00e4chen vorrangig zum Schutz sehr empfindlicher Arten dienen. Mindestes einmal im Sommerhalbjahr m\u00fcssen diese Fl\u00e4chen beweidet werden. Insgesamt werden \u00fcber 700 Hektar im Kreis Schaumburg extensiv genutzt.<\/p>\n\n\n\n<p><\/p>\n\n\n\n<figure class=\"wp-block-image size-large\"><img loading=\"lazy\" decoding=\"async\" width=\"1024\" height=\"768\" src=\"http:\/\/unser-landvolk.de\/wp-content\/uploads\/2021\/05\/auf-den-feldern-1024x768.jpg\" alt=\"\" class=\"wp-image-533\" srcset=\"https:\/\/unser-landvolk.de\/wp-content\/uploads\/2021\/05\/auf-den-feldern-1024x768.jpg 1024w, https:\/\/unser-landvolk.de\/wp-content\/uploads\/2021\/05\/auf-den-feldern-300x225.jpg 300w, https:\/\/unser-landvolk.de\/wp-content\/uploads\/2021\/05\/auf-den-feldern-768x576.jpg 768w, https:\/\/unser-landvolk.de\/wp-content\/uploads\/2021\/05\/auf-den-feldern-800x600.jpg 800w, https:\/\/unser-landvolk.de\/wp-content\/uploads\/2021\/05\/auf-den-feldern.jpg 1400w\" sizes=\"auto, (max-width: 1024px) 100vw, 1024px\" \/><\/figure>\n\n\n\n<p><br>Eine Studie der Technischen Universit\u00e4t M\u00fcnchen (TUM) zeigt, dass durch die unterschiedlichen Formen der Bewirtschaftung von Gr\u00fcnland innerhalb einer Region sowohl mehr Ertrag erzielt werden kann, ohne dass Insektenarten dadurch verloren gehen. Ein ebenfalls wichtiger Aspekt, der f\u00fcr die Landwirtschaft eine ganz entscheidende Rolle in der Gr\u00fcnlandpflege ausmacht ist die zunehmende Diskussion um heimische Eiwei\u00dftr\u00e4ger als Futtermittel f\u00fcr Nutztiere in Deutschland. Die momentan explodierenden Kosten f\u00fcr Sojaschrot und die diffizile Diskussion \u00fcber gentechnisch ver\u00e4nderte Ware l\u00e4sst vor allem Milcherzeuger ein sch\u00e4rferes Augenmerk auf eine Eiwei\u00dfversorgung aus Grasprodukten werfen. Hierf\u00fcr ist eine sorgf\u00e4ltig den Erfordernissen angepasst Gr\u00fcnlandpflege bzw. -reparatur zu Vegetationsbeginn essentiell, um die Leistungsf\u00e4higkeit und Homogenit\u00e4t als Grundlage f\u00fcr die regionale Grundfutterproduktion zu gew\u00e4hrleisten. Gr\u00fcn wird es immer. Entscheidend ist aber, dass die Ertrag und Qualit\u00e4t liefernden Futterpflanzen nach dem Winter wieder etabliert werden k\u00f6nnen.<br>\u201eZu der Bearbeitung geh\u00f6rt es, die Wiesen abzuschleppen und zu striegeln, um Luft in die Grasnarbe zu bringen.<br>Es geh\u00f6rt genauso dazu, dass Fl\u00e4chen auch mal mit Grassamen nachges\u00e4t werden m\u00fcssen, wo es Auswinterungen gegeben hat oder wo das Schwarzwild Schaden hinterlassen hat, um dann im fr\u00fchen Sommer eine gute M\u00e4hqualit\u00e4t zu gew\u00e4hrleisten.\u201c erkl\u00e4rt Frank Kohlenberg vom Landvolk. Am Ende entscheidet das geschulte Auge des Landwirten dar\u00fcber, welche Ma\u00dfnahmen es bedarf und wie intensiv sie ausgef\u00fchrt werden m\u00fcssen, damit eine dichte Grasnarbe erh\u00f6hten Eintrag von Schmutz in die Silage vermeidet, unerw\u00fcnschte Keime schm\u00e4lert oder Ertrag und Qualit\u00e4t zur Futtermittelerzeugung sicherstellt. Foto:brinkmann<\/p>\n","protected":false},"excerpt":{"rendered":"<p>Sobald die Felder im Fr\u00fchjahr wieder befahrbar sind, werden die landwirtschaftlichen Fl\u00e4chen f\u00fcr die Aussaat vorbereitet, D\u00fcnger wird ausgebraucht, R\u00fcben werden ges\u00e4t und das Gr\u00fcnland wird bearbeitet. Mit den ersten w\u00e4rmenden Sonnenstrahlen, die wir vor Ostern schon genie\u00dfen konnten, nimmt der Stoffwechsel der Pflanzen nach dem Winter wieder zu, sie [&hellip;]<\/p>\n","protected":false},"author":1,"featured_media":533,"comment_status":"closed","ping_status":"open","sticky":false,"template":"","format":"standard","meta":{"_monsterinsights_skip_tracking":false,"_monsterinsights_sitenote_active":false,"_monsterinsights_sitenote_note":"","_monsterinsights_sitenote_category":0,"spay_email":"","footnotes":""},"categories":[1],"tags":[],"class_list":["post-532","post","type-post","status-publish","format-standard","has-post-thumbnail","hentry","category-archiv"],"yoast_head":"<!-- This site is optimized with the Yoast SEO plugin v27.4 - https:\/\/yoast.com\/product\/yoast-seo-wordpress\/ -->\n<title>Bewegung auf den Feldern und Wiesen im Weserbergland - Unser Landvolk<\/title>\n<meta name=\"robots\" content=\"index, follow, max-snippet:-1, max-image-preview:large, max-video-preview:-1\" \/>\n<link rel=\"canonical\" href=\"https:\/\/unser-landvolk.de\/?p=532\" \/>\n<meta property=\"og:locale\" content=\"de_DE\" \/>\n<meta property=\"og:type\" content=\"article\" \/>\n<meta property=\"og:title\" content=\"Bewegung auf den Feldern und Wiesen im Weserbergland - Unser Landvolk\" \/>\n<meta property=\"og:description\" content=\"Sobald die Felder im Fr\u00fchjahr wieder befahrbar sind, werden die landwirtschaftlichen Fl\u00e4chen f\u00fcr die Aussaat vorbereitet, D\u00fcnger wird ausgebraucht, R\u00fcben werden ges\u00e4t und das Gr\u00fcnland wird bearbeitet. Mit den ersten w\u00e4rmenden Sonnenstrahlen, die wir vor Ostern schon genie\u00dfen konnten, nimmt der Stoffwechsel der Pflanzen nach dem Winter wieder zu, sie [&hellip;]\" \/>\n<meta property=\"og:url\" content=\"https:\/\/unser-landvolk.de\/?p=532\" \/>\n<meta property=\"og:site_name\" content=\"Unser Landvolk\" \/>\n<meta property=\"article:published_time\" content=\"2021-05-18T12:35:20+00:00\" \/>\n<meta property=\"article:modified_time\" content=\"2021-05-18T12:36:05+00:00\" \/>\n<meta property=\"og:image\" content=\"https:\/\/unser-landvolk.de\/wp-content\/uploads\/2021\/05\/auf-den-feldern.jpg\" \/>\n\t<meta property=\"og:image:width\" content=\"1400\" \/>\n\t<meta property=\"og:image:height\" content=\"1050\" \/>\n\t<meta property=\"og:image:type\" content=\"image\/jpeg\" \/>\n<meta name=\"author\" content=\"kl\" \/>\n<meta name=\"twitter:card\" content=\"summary_large_image\" \/>\n<meta name=\"twitter:label1\" content=\"Verfasst von\" \/>\n\t<meta name=\"twitter:data1\" content=\"kl\" \/>\n\t<meta name=\"twitter:label2\" content=\"Gesch\u00e4tzte Lesezeit\" \/>\n\t<meta name=\"twitter:data2\" content=\"3\u00a0Minuten\" \/>\n<script type=\"application\/ld+json\" class=\"yoast-schema-graph\">{\"@context\":\"https:\\\/\\\/schema.org\",\"@graph\":[{\"@type\":\"Article\",\"@id\":\"https:\\\/\\\/unser-landvolk.de\\\/?p=532#article\",\"isPartOf\":{\"@id\":\"https:\\\/\\\/unser-landvolk.de\\\/?p=532\"},\"author\":{\"name\":\"kl\",\"@id\":\"https:\\\/\\\/unser-landvolk.de\\\/#\\\/schema\\\/person\\\/c0f08f15baa7e436242f280aa06f3c18\"},\"headline\":\"Bewegung auf den Feldern und Wiesen im Weserbergland\",\"datePublished\":\"2021-05-18T12:35:20+00:00\",\"dateModified\":\"2021-05-18T12:36:05+00:00\",\"mainEntityOfPage\":{\"@id\":\"https:\\\/\\\/unser-landvolk.de\\\/?p=532\"},\"wordCount\":697,\"publisher\":{\"@id\":\"https:\\\/\\\/unser-landvolk.de\\\/#organization\"},\"image\":{\"@id\":\"https:\\\/\\\/unser-landvolk.de\\\/?p=532#primaryimage\"},\"thumbnailUrl\":\"https:\\\/\\\/unser-landvolk.de\\\/wp-content\\\/uploads\\\/2021\\\/05\\\/auf-den-feldern.jpg\",\"articleSection\":[\"Archiv\"],\"inLanguage\":\"de\"},{\"@type\":\"WebPage\",\"@id\":\"https:\\\/\\\/unser-landvolk.de\\\/?p=532\",\"url\":\"https:\\\/\\\/unser-landvolk.de\\\/?p=532\",\"name\":\"Bewegung auf den Feldern und Wiesen im Weserbergland - Unser Landvolk\",\"isPartOf\":{\"@id\":\"https:\\\/\\\/unser-landvolk.de\\\/#website\"},\"primaryImageOfPage\":{\"@id\":\"https:\\\/\\\/unser-landvolk.de\\\/?p=532#primaryimage\"},\"image\":{\"@id\":\"https:\\\/\\\/unser-landvolk.de\\\/?p=532#primaryimage\"},\"thumbnailUrl\":\"https:\\\/\\\/unser-landvolk.de\\\/wp-content\\\/uploads\\\/2021\\\/05\\\/auf-den-feldern.jpg\",\"datePublished\":\"2021-05-18T12:35:20+00:00\",\"dateModified\":\"2021-05-18T12:36:05+00:00\",\"breadcrumb\":{\"@id\":\"https:\\\/\\\/unser-landvolk.de\\\/?p=532#breadcrumb\"},\"inLanguage\":\"de\",\"potentialAction\":[{\"@type\":\"ReadAction\",\"target\":[\"https:\\\/\\\/unser-landvolk.de\\\/?p=532\"]}]},{\"@type\":\"ImageObject\",\"inLanguage\":\"de\",\"@id\":\"https:\\\/\\\/unser-landvolk.de\\\/?p=532#primaryimage\",\"url\":\"https:\\\/\\\/unser-landvolk.de\\\/wp-content\\\/uploads\\\/2021\\\/05\\\/auf-den-feldern.jpg\",\"contentUrl\":\"https:\\\/\\\/unser-landvolk.de\\\/wp-content\\\/uploads\\\/2021\\\/05\\\/auf-den-feldern.jpg\",\"width\":1400,\"height\":1050},{\"@type\":\"BreadcrumbList\",\"@id\":\"https:\\\/\\\/unser-landvolk.de\\\/?p=532#breadcrumb\",\"itemListElement\":[{\"@type\":\"ListItem\",\"position\":1,\"name\":\"Startseite\",\"item\":\"https:\\\/\\\/unser-landvolk.de\\\/\"},{\"@type\":\"ListItem\",\"position\":2,\"name\":\"Bewegung auf den Feldern und Wiesen im Weserbergland\"}]},{\"@type\":\"WebSite\",\"@id\":\"https:\\\/\\\/unser-landvolk.de\\\/#website\",\"url\":\"https:\\\/\\\/unser-landvolk.de\\\/\",\"name\":\"Unser Landvolk\",\"description\":\"Landwirtschaft in Schaumburg\",\"publisher\":{\"@id\":\"https:\\\/\\\/unser-landvolk.de\\\/#organization\"},\"potentialAction\":[{\"@type\":\"SearchAction\",\"target\":{\"@type\":\"EntryPoint\",\"urlTemplate\":\"https:\\\/\\\/unser-landvolk.de\\\/?s={search_term_string}\"},\"query-input\":{\"@type\":\"PropertyValueSpecification\",\"valueRequired\":true,\"valueName\":\"search_term_string\"}}],\"inLanguage\":\"de\"},{\"@type\":\"Organization\",\"@id\":\"https:\\\/\\\/unser-landvolk.de\\\/#organization\",\"name\":\"Unser Landvolk\",\"url\":\"https:\\\/\\\/unser-landvolk.de\\\/\",\"logo\":{\"@type\":\"ImageObject\",\"inLanguage\":\"de\",\"@id\":\"https:\\\/\\\/unser-landvolk.de\\\/#\\\/schema\\\/logo\\\/image\\\/\",\"url\":\"https:\\\/\\\/unser-landvolk.de\\\/wp-content\\\/uploads\\\/2021\\\/05\\\/cropped-header-650x150-1.jpg\",\"contentUrl\":\"https:\\\/\\\/unser-landvolk.de\\\/wp-content\\\/uploads\\\/2021\\\/05\\\/cropped-header-650x150-1.jpg\",\"width\":1355,\"height\":260,\"caption\":\"Unser Landvolk\"},\"image\":{\"@id\":\"https:\\\/\\\/unser-landvolk.de\\\/#\\\/schema\\\/logo\\\/image\\\/\"}},{\"@type\":\"Person\",\"@id\":\"https:\\\/\\\/unser-landvolk.de\\\/#\\\/schema\\\/person\\\/c0f08f15baa7e436242f280aa06f3c18\",\"name\":\"kl\",\"image\":{\"@type\":\"ImageObject\",\"inLanguage\":\"de\",\"@id\":\"https:\\\/\\\/secure.gravatar.com\\\/avatar\\\/95d9efd984da1aabcc8f4ab5e341dc7f5ccd9e4997044adf78d03744f8614cb8?s=96&d=blank&r=g\",\"url\":\"https:\\\/\\\/secure.gravatar.com\\\/avatar\\\/95d9efd984da1aabcc8f4ab5e341dc7f5ccd9e4997044adf78d03744f8614cb8?s=96&d=blank&r=g\",\"contentUrl\":\"https:\\\/\\\/secure.gravatar.com\\\/avatar\\\/95d9efd984da1aabcc8f4ab5e341dc7f5ccd9e4997044adf78d03744f8614cb8?s=96&d=blank&r=g\",\"caption\":\"kl\"},\"sameAs\":[\"http:\\\/\\\/unser-landvolk.de\"],\"url\":\"https:\\\/\\\/unser-landvolk.de\\\/?author=1\"}]}<\/script>\n<!-- \/ Yoast SEO plugin. -->","yoast_head_json":{"title":"Bewegung auf den Feldern und Wiesen im Weserbergland - Unser Landvolk","robots":{"index":"index","follow":"follow","max-snippet":"max-snippet:-1","max-image-preview":"max-image-preview:large","max-video-preview":"max-video-preview:-1"},"canonical":"https:\/\/unser-landvolk.de\/?p=532","og_locale":"de_DE","og_type":"article","og_title":"Bewegung auf den Feldern und Wiesen im Weserbergland - Unser Landvolk","og_description":"Sobald die Felder im Fr\u00fchjahr wieder befahrbar sind, werden die landwirtschaftlichen Fl\u00e4chen f\u00fcr die Aussaat vorbereitet, D\u00fcnger wird ausgebraucht, R\u00fcben werden ges\u00e4t und das Gr\u00fcnland wird bearbeitet. Mit den ersten w\u00e4rmenden Sonnenstrahlen, die wir vor Ostern schon genie\u00dfen konnten, nimmt der Stoffwechsel der Pflanzen nach dem Winter wieder zu, sie [&hellip;]","og_url":"https:\/\/unser-landvolk.de\/?p=532","og_site_name":"Unser Landvolk","article_published_time":"2021-05-18T12:35:20+00:00","article_modified_time":"2021-05-18T12:36:05+00:00","og_image":[{"width":1400,"height":1050,"url":"https:\/\/unser-landvolk.de\/wp-content\/uploads\/2021\/05\/auf-den-feldern.jpg","type":"image\/jpeg"}],"author":"kl","twitter_card":"summary_large_image","twitter_misc":{"Verfasst von":"kl","Gesch\u00e4tzte Lesezeit":"3\u00a0Minuten"},"schema":{"@context":"https:\/\/schema.org","@graph":[{"@type":"Article","@id":"https:\/\/unser-landvolk.de\/?p=532#article","isPartOf":{"@id":"https:\/\/unser-landvolk.de\/?p=532"},"author":{"name":"kl","@id":"https:\/\/unser-landvolk.de\/#\/schema\/person\/c0f08f15baa7e436242f280aa06f3c18"},"headline":"Bewegung auf den Feldern und Wiesen im Weserbergland","datePublished":"2021-05-18T12:35:20+00:00","dateModified":"2021-05-18T12:36:05+00:00","mainEntityOfPage":{"@id":"https:\/\/unser-landvolk.de\/?p=532"},"wordCount":697,"publisher":{"@id":"https:\/\/unser-landvolk.de\/#organization"},"image":{"@id":"https:\/\/unser-landvolk.de\/?p=532#primaryimage"},"thumbnailUrl":"https:\/\/unser-landvolk.de\/wp-content\/uploads\/2021\/05\/auf-den-feldern.jpg","articleSection":["Archiv"],"inLanguage":"de"},{"@type":"WebPage","@id":"https:\/\/unser-landvolk.de\/?p=532","url":"https:\/\/unser-landvolk.de\/?p=532","name":"Bewegung auf den Feldern und Wiesen im Weserbergland - Unser Landvolk","isPartOf":{"@id":"https:\/\/unser-landvolk.de\/#website"},"primaryImageOfPage":{"@id":"https:\/\/unser-landvolk.de\/?p=532#primaryimage"},"image":{"@id":"https:\/\/unser-landvolk.de\/?p=532#primaryimage"},"thumbnailUrl":"https:\/\/unser-landvolk.de\/wp-content\/uploads\/2021\/05\/auf-den-feldern.jpg","datePublished":"2021-05-18T12:35:20+00:00","dateModified":"2021-05-18T12:36:05+00:00","breadcrumb":{"@id":"https:\/\/unser-landvolk.de\/?p=532#breadcrumb"},"inLanguage":"de","potentialAction":[{"@type":"ReadAction","target":["https:\/\/unser-landvolk.de\/?p=532"]}]},{"@type":"ImageObject","inLanguage":"de","@id":"https:\/\/unser-landvolk.de\/?p=532#primaryimage","url":"https:\/\/unser-landvolk.de\/wp-content\/uploads\/2021\/05\/auf-den-feldern.jpg","contentUrl":"https:\/\/unser-landvolk.de\/wp-content\/uploads\/2021\/05\/auf-den-feldern.jpg","width":1400,"height":1050},{"@type":"BreadcrumbList","@id":"https:\/\/unser-landvolk.de\/?p=532#breadcrumb","itemListElement":[{"@type":"ListItem","position":1,"name":"Startseite","item":"https:\/\/unser-landvolk.de\/"},{"@type":"ListItem","position":2,"name":"Bewegung auf den Feldern und Wiesen im Weserbergland"}]},{"@type":"WebSite","@id":"https:\/\/unser-landvolk.de\/#website","url":"https:\/\/unser-landvolk.de\/","name":"Unser Landvolk","description":"Landwirtschaft in Schaumburg","publisher":{"@id":"https:\/\/unser-landvolk.de\/#organization"},"potentialAction":[{"@type":"SearchAction","target":{"@type":"EntryPoint","urlTemplate":"https:\/\/unser-landvolk.de\/?s={search_term_string}"},"query-input":{"@type":"PropertyValueSpecification","valueRequired":true,"valueName":"search_term_string"}}],"inLanguage":"de"},{"@type":"Organization","@id":"https:\/\/unser-landvolk.de\/#organization","name":"Unser Landvolk","url":"https:\/\/unser-landvolk.de\/","logo":{"@type":"ImageObject","inLanguage":"de","@id":"https:\/\/unser-landvolk.de\/#\/schema\/logo\/image\/","url":"https:\/\/unser-landvolk.de\/wp-content\/uploads\/2021\/05\/cropped-header-650x150-1.jpg","contentUrl":"https:\/\/unser-landvolk.de\/wp-content\/uploads\/2021\/05\/cropped-header-650x150-1.jpg","width":1355,"height":260,"caption":"Unser Landvolk"},"image":{"@id":"https:\/\/unser-landvolk.de\/#\/schema\/logo\/image\/"}},{"@type":"Person","@id":"https:\/\/unser-landvolk.de\/#\/schema\/person\/c0f08f15baa7e436242f280aa06f3c18","name":"kl","image":{"@type":"ImageObject","inLanguage":"de","@id":"https:\/\/secure.gravatar.com\/avatar\/95d9efd984da1aabcc8f4ab5e341dc7f5ccd9e4997044adf78d03744f8614cb8?s=96&d=blank&r=g","url":"https:\/\/secure.gravatar.com\/avatar\/95d9efd984da1aabcc8f4ab5e341dc7f5ccd9e4997044adf78d03744f8614cb8?s=96&d=blank&r=g","contentUrl":"https:\/\/secure.gravatar.com\/avatar\/95d9efd984da1aabcc8f4ab5e341dc7f5ccd9e4997044adf78d03744f8614cb8?s=96&d=blank&r=g","caption":"kl"},"sameAs":["http:\/\/unser-landvolk.de"],"url":"https:\/\/unser-landvolk.de\/?author=1"}]}},"jetpack_featured_media_url":"https:\/\/unser-landvolk.de\/wp-content\/uploads\/2021\/05\/auf-den-feldern.jpg","_links":{"self":[{"href":"https:\/\/unser-landvolk.de\/index.php?rest_route=\/wp\/v2\/posts\/532","targetHints":{"allow":["GET"]}}],"collection":[{"href":"https:\/\/unser-landvolk.de\/index.php?rest_route=\/wp\/v2\/posts"}],"about":[{"href":"https:\/\/unser-landvolk.de\/index.php?rest_route=\/wp\/v2\/types\/post"}],"author":[{"embeddable":true,"href":"https:\/\/unser-landvolk.de\/index.php?rest_route=\/wp\/v2\/users\/1"}],"replies":[{"embeddable":true,"href":"https:\/\/unser-landvolk.de\/index.php?rest_route=%2Fwp%2Fv2%2Fcomments&post=532"}],"version-history":[{"count":1,"href":"https:\/\/unser-landvolk.de\/index.php?rest_route=\/wp\/v2\/posts\/532\/revisions"}],"predecessor-version":[{"id":534,"href":"https:\/\/unser-landvolk.de\/index.php?rest_route=\/wp\/v2\/posts\/532\/revisions\/534"}],"wp:featuredmedia":[{"embeddable":true,"href":"https:\/\/unser-landvolk.de\/index.php?rest_route=\/wp\/v2\/media\/533"}],"wp:attachment":[{"href":"https:\/\/unser-landvolk.de\/index.php?rest_route=%2Fwp%2Fv2%2Fmedia&parent=532"}],"wp:term":[{"taxonomy":"category","embeddable":true,"href":"https:\/\/unser-landvolk.de\/index.php?rest_route=%2Fwp%2Fv2%2Fcategories&post=532"},{"taxonomy":"post_tag","embeddable":true,"href":"https:\/\/unser-landvolk.de\/index.php?rest_route=%2Fwp%2Fv2%2Ftags&post=532"}],"curies":[{"name":"wp","href":"https:\/\/api.w.org\/{rel}","templated":true}]}}