{"id":428,"date":"2021-05-04T15:48:13","date_gmt":"2021-05-04T13:48:13","guid":{"rendered":"http:\/\/unser-landvolk.de\/?p=428"},"modified":"2021-05-04T15:48:15","modified_gmt":"2021-05-04T13:48:15","slug":"obsthof-mueller","status":"publish","type":"post","link":"https:\/\/unser-landvolk.de\/?p=428","title":{"rendered":"Obsthof M\u00fcller!"},"content":{"rendered":"\n<p><strong>Da kaufen, wo es w\u00e4chst!<br><\/strong>Diese saisonalen Produkte bieten wir:<br>Erdbeeren, Stachelbeeren, Taybeeren, Himbeeren, Johannisbeeren (schwarz,rot &amp; wei\u00df)<br>Jostabeeren, S\u00fc\u00dfkirschen, Sauerkirschen, Brombeeren, Aronia, Pflaumen, Zwetschgen<br>\u00c4pfel in \u00fcber 40 Sorten<\/p>\n\n\n\n<figure class=\"wp-block-image size-large\"><img loading=\"lazy\" decoding=\"async\" width=\"880\" height=\"573\" src=\"http:\/\/unser-landvolk.de\/wp-content\/uploads\/2021\/05\/2018-03-17-193315-crop-u10601.jpg\" alt=\"\" class=\"wp-image-431\" srcset=\"https:\/\/unser-landvolk.de\/wp-content\/uploads\/2021\/05\/2018-03-17-193315-crop-u10601.jpg 880w, https:\/\/unser-landvolk.de\/wp-content\/uploads\/2021\/05\/2018-03-17-193315-crop-u10601-300x195.jpg 300w, https:\/\/unser-landvolk.de\/wp-content\/uploads\/2021\/05\/2018-03-17-193315-crop-u10601-768x500.jpg 768w, https:\/\/unser-landvolk.de\/wp-content\/uploads\/2021\/05\/2018-03-17-193315-crop-u10601-800x521.jpg 800w\" sizes=\"auto, (max-width: 880px) 100vw, 880px\" \/><\/figure>\n\n\n\n<p>Das ganze Beerensortiment k\u00f6nnen Sie selbstverst\u00e4ndlich auch selbst pfl\u00fccken und Ihre gepfl\u00fcckten Kirschen gleich selbst elektrisch entsteinen!<\/p>\n\n\n\n<figure class=\"wp-block-image size-large\"><img loading=\"lazy\" decoding=\"async\" width=\"1024\" height=\"363\" src=\"http:\/\/unser-landvolk.de\/wp-content\/uploads\/2021\/05\/2018-03-17-144134-crop-u1925-1024x363.jpg\" alt=\"\" class=\"wp-image-429\" srcset=\"https:\/\/unser-landvolk.de\/wp-content\/uploads\/2021\/05\/2018-03-17-144134-crop-u1925-1024x363.jpg 1024w, https:\/\/unser-landvolk.de\/wp-content\/uploads\/2021\/05\/2018-03-17-144134-crop-u1925-300x106.jpg 300w, https:\/\/unser-landvolk.de\/wp-content\/uploads\/2021\/05\/2018-03-17-144134-crop-u1925-768x272.jpg 768w, https:\/\/unser-landvolk.de\/wp-content\/uploads\/2021\/05\/2018-03-17-144134-crop-u1925-800x283.jpg 800w, https:\/\/unser-landvolk.de\/wp-content\/uploads\/2021\/05\/2018-03-17-144134-crop-u1925.jpg 1200w\" sizes=\"auto, (max-width: 1024px) 100vw, 1024px\" \/><\/figure>\n\n\n\n<p>Weiterhin gibt es ja nach Saison auch Gem\u00fcse, Kartoffeln, N\u00fcsse , K\u00fcrbisse<br><strong>Unsere Besonderheiten:<br><\/strong>Fruchts\u00e4fte , Konfit\u00fcren, Gelees, Sirupe, Apfelchips, Fruchtsaftb\u00e4ren, Eier , Eingelegtes, Morellen, Weine, Wurst in Dosen \u2026 und andere landwirtschaftliche Erzeugnisse.<\/p>\n\n\n\n<figure class=\"wp-block-image size-large\"><img loading=\"lazy\" decoding=\"async\" width=\"1024\" height=\"363\" src=\"http:\/\/unser-landvolk.de\/wp-content\/uploads\/2021\/05\/2018-03-18-203459-crop-u12290-1024x363.jpg\" alt=\"\" class=\"wp-image-430\" srcset=\"https:\/\/unser-landvolk.de\/wp-content\/uploads\/2021\/05\/2018-03-18-203459-crop-u12290-1024x363.jpg 1024w, https:\/\/unser-landvolk.de\/wp-content\/uploads\/2021\/05\/2018-03-18-203459-crop-u12290-300x106.jpg 300w, https:\/\/unser-landvolk.de\/wp-content\/uploads\/2021\/05\/2018-03-18-203459-crop-u12290-768x272.jpg 768w, https:\/\/unser-landvolk.de\/wp-content\/uploads\/2021\/05\/2018-03-18-203459-crop-u12290-800x283.jpg 800w, https:\/\/unser-landvolk.de\/wp-content\/uploads\/2021\/05\/2018-03-18-203459-crop-u12290.jpg 1200w\" sizes=\"auto, (max-width: 1024px) 100vw, 1024px\" \/><\/figure>\n\n\n\n<p><strong>Obsthof M\u00fcller &#8211; Der Obstgarten im Wesertal<br><\/strong>Varenholer Str. 2<br>32689 Varenholz<br>Fon 05755 12 64<br>info@apfelmueller.de<\/p>\n\n\n\n<p><strong>\u00d6ffnungszeiten<br><\/strong>Mo &#8211; Fr 8 bis 18 Uhr | Sa 8 bis 13 Uhr<\/p>\n","protected":false},"excerpt":{"rendered":"<p>Da kaufen, wo es w\u00e4chst!Diese saisonalen Produkte bieten wir:Erdbeeren, Stachelbeeren, Taybeeren, Himbeeren, Johannisbeeren (schwarz,rot &amp; wei\u00df)Jostabeeren, S\u00fc\u00dfkirschen, Sauerkirschen, Brombeeren, Aronia, Pflaumen, Zwetschgen\u00c4pfel in \u00fcber 40 Sorten Das ganze Beerensortiment k\u00f6nnen Sie selbstverst\u00e4ndlich auch selbst pfl\u00fccken und Ihre gepfl\u00fcckten Kirschen gleich selbst elektrisch entsteinen! Weiterhin gibt es ja nach Saison auch [&hellip;]<\/p>\n","protected":false},"author":1,"featured_media":432,"comment_status":"closed","ping_status":"open","sticky":false,"template":"","format":"standard","meta":{"_monsterinsights_skip_tracking":false,"_monsterinsights_sitenote_active":false,"_monsterinsights_sitenote_note":"","_monsterinsights_sitenote_category":0,"spay_email":"","footnotes":""},"categories":[11],"tags":[],"class_list":["post-428","post","type-post","status-publish","format-standard","has-post-thumbnail","hentry","category-hoflaeden"],"yoast_head":"<!-- This site is optimized with the Yoast SEO plugin v27.4 - https:\/\/yoast.com\/product\/yoast-seo-wordpress\/ -->\n<title>Obsthof M\u00fcller! - Unser Landvolk<\/title>\n<meta name=\"robots\" content=\"index, follow, max-snippet:-1, max-image-preview:large, max-video-preview:-1\" \/>\n<link rel=\"canonical\" href=\"https:\/\/unser-landvolk.de\/?p=428\" \/>\n<meta property=\"og:locale\" content=\"de_DE\" \/>\n<meta property=\"og:type\" content=\"article\" \/>\n<meta property=\"og:title\" content=\"Obsthof M\u00fcller! - Unser Landvolk\" \/>\n<meta property=\"og:description\" content=\"Da kaufen, wo es w\u00e4chst!Diese saisonalen Produkte bieten wir:Erdbeeren, Stachelbeeren, Taybeeren, Himbeeren, Johannisbeeren (schwarz,rot &amp; wei\u00df)Jostabeeren, S\u00fc\u00dfkirschen, Sauerkirschen, Brombeeren, Aronia, Pflaumen, Zwetschgen\u00c4pfel in \u00fcber 40 Sorten Das ganze Beerensortiment k\u00f6nnen Sie selbstverst\u00e4ndlich auch selbst pfl\u00fccken und Ihre gepfl\u00fcckten Kirschen gleich selbst elektrisch entsteinen! Weiterhin gibt es ja nach Saison auch [&hellip;]\" \/>\n<meta property=\"og:url\" content=\"https:\/\/unser-landvolk.de\/?p=428\" \/>\n<meta property=\"og:site_name\" content=\"Unser Landvolk\" \/>\n<meta property=\"article:published_time\" content=\"2021-05-04T13:48:13+00:00\" \/>\n<meta property=\"article:modified_time\" content=\"2021-05-04T13:48:15+00:00\" \/>\n<meta property=\"og:image\" content=\"https:\/\/unser-landvolk.de\/wp-content\/uploads\/2021\/05\/mueller-title.jpg\" \/>\n\t<meta property=\"og:image:width\" content=\"792\" \/>\n\t<meta property=\"og:image:height\" content=\"521\" \/>\n\t<meta property=\"og:image:type\" content=\"image\/jpeg\" \/>\n<meta name=\"author\" content=\"kl\" \/>\n<meta name=\"twitter:card\" content=\"summary_large_image\" \/>\n<meta name=\"twitter:label1\" content=\"Verfasst von\" \/>\n\t<meta name=\"twitter:data1\" content=\"kl\" \/>\n\t<meta name=\"twitter:label2\" content=\"Gesch\u00e4tzte Lesezeit\" \/>\n\t<meta name=\"twitter:data2\" content=\"1\u00a0Minute\" \/>\n<script type=\"application\/ld+json\" class=\"yoast-schema-graph\">{\"@context\":\"https:\\\/\\\/schema.org\",\"@graph\":[{\"@type\":\"Article\",\"@id\":\"https:\\\/\\\/unser-landvolk.de\\\/?p=428#article\",\"isPartOf\":{\"@id\":\"https:\\\/\\\/unser-landvolk.de\\\/?p=428\"},\"author\":{\"name\":\"kl\",\"@id\":\"https:\\\/\\\/unser-landvolk.de\\\/#\\\/schema\\\/person\\\/c0f08f15baa7e436242f280aa06f3c18\"},\"headline\":\"Obsthof M\u00fcller!\",\"datePublished\":\"2021-05-04T13:48:13+00:00\",\"dateModified\":\"2021-05-04T13:48:15+00:00\",\"mainEntityOfPage\":{\"@id\":\"https:\\\/\\\/unser-landvolk.de\\\/?p=428\"},\"wordCount\":115,\"publisher\":{\"@id\":\"https:\\\/\\\/unser-landvolk.de\\\/#organization\"},\"image\":{\"@id\":\"https:\\\/\\\/unser-landvolk.de\\\/?p=428#primaryimage\"},\"thumbnailUrl\":\"https:\\\/\\\/unser-landvolk.de\\\/wp-content\\\/uploads\\\/2021\\\/05\\\/mueller-title.jpg\",\"articleSection\":[\"Hofl\u00e4den\"],\"inLanguage\":\"de\"},{\"@type\":\"WebPage\",\"@id\":\"https:\\\/\\\/unser-landvolk.de\\\/?p=428\",\"url\":\"https:\\\/\\\/unser-landvolk.de\\\/?p=428\",\"name\":\"Obsthof M\u00fcller! - Unser Landvolk\",\"isPartOf\":{\"@id\":\"https:\\\/\\\/unser-landvolk.de\\\/#website\"},\"primaryImageOfPage\":{\"@id\":\"https:\\\/\\\/unser-landvolk.de\\\/?p=428#primaryimage\"},\"image\":{\"@id\":\"https:\\\/\\\/unser-landvolk.de\\\/?p=428#primaryimage\"},\"thumbnailUrl\":\"https:\\\/\\\/unser-landvolk.de\\\/wp-content\\\/uploads\\\/2021\\\/05\\\/mueller-title.jpg\",\"datePublished\":\"2021-05-04T13:48:13+00:00\",\"dateModified\":\"2021-05-04T13:48:15+00:00\",\"breadcrumb\":{\"@id\":\"https:\\\/\\\/unser-landvolk.de\\\/?p=428#breadcrumb\"},\"inLanguage\":\"de\",\"potentialAction\":[{\"@type\":\"ReadAction\",\"target\":[\"https:\\\/\\\/unser-landvolk.de\\\/?p=428\"]}]},{\"@type\":\"ImageObject\",\"inLanguage\":\"de\",\"@id\":\"https:\\\/\\\/unser-landvolk.de\\\/?p=428#primaryimage\",\"url\":\"https:\\\/\\\/unser-landvolk.de\\\/wp-content\\\/uploads\\\/2021\\\/05\\\/mueller-title.jpg\",\"contentUrl\":\"https:\\\/\\\/unser-landvolk.de\\\/wp-content\\\/uploads\\\/2021\\\/05\\\/mueller-title.jpg\",\"width\":792,\"height\":521},{\"@type\":\"BreadcrumbList\",\"@id\":\"https:\\\/\\\/unser-landvolk.de\\\/?p=428#breadcrumb\",\"itemListElement\":[{\"@type\":\"ListItem\",\"position\":1,\"name\":\"Startseite\",\"item\":\"https:\\\/\\\/unser-landvolk.de\\\/\"},{\"@type\":\"ListItem\",\"position\":2,\"name\":\"Obsthof M\u00fcller!\"}]},{\"@type\":\"WebSite\",\"@id\":\"https:\\\/\\\/unser-landvolk.de\\\/#website\",\"url\":\"https:\\\/\\\/unser-landvolk.de\\\/\",\"name\":\"Unser Landvolk\",\"description\":\"Landwirtschaft in Schaumburg\",\"publisher\":{\"@id\":\"https:\\\/\\\/unser-landvolk.de\\\/#organization\"},\"potentialAction\":[{\"@type\":\"SearchAction\",\"target\":{\"@type\":\"EntryPoint\",\"urlTemplate\":\"https:\\\/\\\/unser-landvolk.de\\\/?s={search_term_string}\"},\"query-input\":{\"@type\":\"PropertyValueSpecification\",\"valueRequired\":true,\"valueName\":\"search_term_string\"}}],\"inLanguage\":\"de\"},{\"@type\":\"Organization\",\"@id\":\"https:\\\/\\\/unser-landvolk.de\\\/#organization\",\"name\":\"Unser Landvolk\",\"url\":\"https:\\\/\\\/unser-landvolk.de\\\/\",\"logo\":{\"@type\":\"ImageObject\",\"inLanguage\":\"de\",\"@id\":\"https:\\\/\\\/unser-landvolk.de\\\/#\\\/schema\\\/logo\\\/image\\\/\",\"url\":\"https:\\\/\\\/unser-landvolk.de\\\/wp-content\\\/uploads\\\/2021\\\/05\\\/cropped-header-650x150-1.jpg\",\"contentUrl\":\"https:\\\/\\\/unser-landvolk.de\\\/wp-content\\\/uploads\\\/2021\\\/05\\\/cropped-header-650x150-1.jpg\",\"width\":1355,\"height\":260,\"caption\":\"Unser Landvolk\"},\"image\":{\"@id\":\"https:\\\/\\\/unser-landvolk.de\\\/#\\\/schema\\\/logo\\\/image\\\/\"}},{\"@type\":\"Person\",\"@id\":\"https:\\\/\\\/unser-landvolk.de\\\/#\\\/schema\\\/person\\\/c0f08f15baa7e436242f280aa06f3c18\",\"name\":\"kl\",\"image\":{\"@type\":\"ImageObject\",\"inLanguage\":\"de\",\"@id\":\"https:\\\/\\\/secure.gravatar.com\\\/avatar\\\/95d9efd984da1aabcc8f4ab5e341dc7f5ccd9e4997044adf78d03744f8614cb8?s=96&d=blank&r=g\",\"url\":\"https:\\\/\\\/secure.gravatar.com\\\/avatar\\\/95d9efd984da1aabcc8f4ab5e341dc7f5ccd9e4997044adf78d03744f8614cb8?s=96&d=blank&r=g\",\"contentUrl\":\"https:\\\/\\\/secure.gravatar.com\\\/avatar\\\/95d9efd984da1aabcc8f4ab5e341dc7f5ccd9e4997044adf78d03744f8614cb8?s=96&d=blank&r=g\",\"caption\":\"kl\"},\"sameAs\":[\"http:\\\/\\\/unser-landvolk.de\"],\"url\":\"https:\\\/\\\/unser-landvolk.de\\\/?author=1\"}]}<\/script>\n<!-- \/ Yoast SEO plugin. -->","yoast_head_json":{"title":"Obsthof M\u00fcller! - Unser Landvolk","robots":{"index":"index","follow":"follow","max-snippet":"max-snippet:-1","max-image-preview":"max-image-preview:large","max-video-preview":"max-video-preview:-1"},"canonical":"https:\/\/unser-landvolk.de\/?p=428","og_locale":"de_DE","og_type":"article","og_title":"Obsthof M\u00fcller! - Unser Landvolk","og_description":"Da kaufen, wo es w\u00e4chst!Diese saisonalen Produkte bieten wir:Erdbeeren, Stachelbeeren, Taybeeren, Himbeeren, Johannisbeeren (schwarz,rot &amp; wei\u00df)Jostabeeren, S\u00fc\u00dfkirschen, Sauerkirschen, Brombeeren, Aronia, Pflaumen, Zwetschgen\u00c4pfel in \u00fcber 40 Sorten Das ganze Beerensortiment k\u00f6nnen Sie selbstverst\u00e4ndlich auch selbst pfl\u00fccken und Ihre gepfl\u00fcckten Kirschen gleich selbst elektrisch entsteinen! Weiterhin gibt es ja nach Saison auch [&hellip;]","og_url":"https:\/\/unser-landvolk.de\/?p=428","og_site_name":"Unser Landvolk","article_published_time":"2021-05-04T13:48:13+00:00","article_modified_time":"2021-05-04T13:48:15+00:00","og_image":[{"width":792,"height":521,"url":"https:\/\/unser-landvolk.de\/wp-content\/uploads\/2021\/05\/mueller-title.jpg","type":"image\/jpeg"}],"author":"kl","twitter_card":"summary_large_image","twitter_misc":{"Verfasst von":"kl","Gesch\u00e4tzte Lesezeit":"1\u00a0Minute"},"schema":{"@context":"https:\/\/schema.org","@graph":[{"@type":"Article","@id":"https:\/\/unser-landvolk.de\/?p=428#article","isPartOf":{"@id":"https:\/\/unser-landvolk.de\/?p=428"},"author":{"name":"kl","@id":"https:\/\/unser-landvolk.de\/#\/schema\/person\/c0f08f15baa7e436242f280aa06f3c18"},"headline":"Obsthof M\u00fcller!","datePublished":"2021-05-04T13:48:13+00:00","dateModified":"2021-05-04T13:48:15+00:00","mainEntityOfPage":{"@id":"https:\/\/unser-landvolk.de\/?p=428"},"wordCount":115,"publisher":{"@id":"https:\/\/unser-landvolk.de\/#organization"},"image":{"@id":"https:\/\/unser-landvolk.de\/?p=428#primaryimage"},"thumbnailUrl":"https:\/\/unser-landvolk.de\/wp-content\/uploads\/2021\/05\/mueller-title.jpg","articleSection":["Hofl\u00e4den"],"inLanguage":"de"},{"@type":"WebPage","@id":"https:\/\/unser-landvolk.de\/?p=428","url":"https:\/\/unser-landvolk.de\/?p=428","name":"Obsthof M\u00fcller! - Unser Landvolk","isPartOf":{"@id":"https:\/\/unser-landvolk.de\/#website"},"primaryImageOfPage":{"@id":"https:\/\/unser-landvolk.de\/?p=428#primaryimage"},"image":{"@id":"https:\/\/unser-landvolk.de\/?p=428#primaryimage"},"thumbnailUrl":"https:\/\/unser-landvolk.de\/wp-content\/uploads\/2021\/05\/mueller-title.jpg","datePublished":"2021-05-04T13:48:13+00:00","dateModified":"2021-05-04T13:48:15+00:00","breadcrumb":{"@id":"https:\/\/unser-landvolk.de\/?p=428#breadcrumb"},"inLanguage":"de","potentialAction":[{"@type":"ReadAction","target":["https:\/\/unser-landvolk.de\/?p=428"]}]},{"@type":"ImageObject","inLanguage":"de","@id":"https:\/\/unser-landvolk.de\/?p=428#primaryimage","url":"https:\/\/unser-landvolk.de\/wp-content\/uploads\/2021\/05\/mueller-title.jpg","contentUrl":"https:\/\/unser-landvolk.de\/wp-content\/uploads\/2021\/05\/mueller-title.jpg","width":792,"height":521},{"@type":"BreadcrumbList","@id":"https:\/\/unser-landvolk.de\/?p=428#breadcrumb","itemListElement":[{"@type":"ListItem","position":1,"name":"Startseite","item":"https:\/\/unser-landvolk.de\/"},{"@type":"ListItem","position":2,"name":"Obsthof M\u00fcller!"}]},{"@type":"WebSite","@id":"https:\/\/unser-landvolk.de\/#website","url":"https:\/\/unser-landvolk.de\/","name":"Unser Landvolk","description":"Landwirtschaft in Schaumburg","publisher":{"@id":"https:\/\/unser-landvolk.de\/#organization"},"potentialAction":[{"@type":"SearchAction","target":{"@type":"EntryPoint","urlTemplate":"https:\/\/unser-landvolk.de\/?s={search_term_string}"},"query-input":{"@type":"PropertyValueSpecification","valueRequired":true,"valueName":"search_term_string"}}],"inLanguage":"de"},{"@type":"Organization","@id":"https:\/\/unser-landvolk.de\/#organization","name":"Unser Landvolk","url":"https:\/\/unser-landvolk.de\/","logo":{"@type":"ImageObject","inLanguage":"de","@id":"https:\/\/unser-landvolk.de\/#\/schema\/logo\/image\/","url":"https:\/\/unser-landvolk.de\/wp-content\/uploads\/2021\/05\/cropped-header-650x150-1.jpg","contentUrl":"https:\/\/unser-landvolk.de\/wp-content\/uploads\/2021\/05\/cropped-header-650x150-1.jpg","width":1355,"height":260,"caption":"Unser Landvolk"},"image":{"@id":"https:\/\/unser-landvolk.de\/#\/schema\/logo\/image\/"}},{"@type":"Person","@id":"https:\/\/unser-landvolk.de\/#\/schema\/person\/c0f08f15baa7e436242f280aa06f3c18","name":"kl","image":{"@type":"ImageObject","inLanguage":"de","@id":"https:\/\/secure.gravatar.com\/avatar\/95d9efd984da1aabcc8f4ab5e341dc7f5ccd9e4997044adf78d03744f8614cb8?s=96&d=blank&r=g","url":"https:\/\/secure.gravatar.com\/avatar\/95d9efd984da1aabcc8f4ab5e341dc7f5ccd9e4997044adf78d03744f8614cb8?s=96&d=blank&r=g","contentUrl":"https:\/\/secure.gravatar.com\/avatar\/95d9efd984da1aabcc8f4ab5e341dc7f5ccd9e4997044adf78d03744f8614cb8?s=96&d=blank&r=g","caption":"kl"},"sameAs":["http:\/\/unser-landvolk.de"],"url":"https:\/\/unser-landvolk.de\/?author=1"}]}},"jetpack_featured_media_url":"https:\/\/unser-landvolk.de\/wp-content\/uploads\/2021\/05\/mueller-title.jpg","_links":{"self":[{"href":"https:\/\/unser-landvolk.de\/index.php?rest_route=\/wp\/v2\/posts\/428","targetHints":{"allow":["GET"]}}],"collection":[{"href":"https:\/\/unser-landvolk.de\/index.php?rest_route=\/wp\/v2\/posts"}],"about":[{"href":"https:\/\/unser-landvolk.de\/index.php?rest_route=\/wp\/v2\/types\/post"}],"author":[{"embeddable":true,"href":"https:\/\/unser-landvolk.de\/index.php?rest_route=\/wp\/v2\/users\/1"}],"replies":[{"embeddable":true,"href":"https:\/\/unser-landvolk.de\/index.php?rest_route=%2Fwp%2Fv2%2Fcomments&post=428"}],"version-history":[{"count":1,"href":"https:\/\/unser-landvolk.de\/index.php?rest_route=\/wp\/v2\/posts\/428\/revisions"}],"predecessor-version":[{"id":433,"href":"https:\/\/unser-landvolk.de\/index.php?rest_route=\/wp\/v2\/posts\/428\/revisions\/433"}],"wp:featuredmedia":[{"embeddable":true,"href":"https:\/\/unser-landvolk.de\/index.php?rest_route=\/wp\/v2\/media\/432"}],"wp:attachment":[{"href":"https:\/\/unser-landvolk.de\/index.php?rest_route=%2Fwp%2Fv2%2Fmedia&parent=428"}],"wp:term":[{"taxonomy":"category","embeddable":true,"href":"https:\/\/unser-landvolk.de\/index.php?rest_route=%2Fwp%2Fv2%2Fcategories&post=428"},{"taxonomy":"post_tag","embeddable":true,"href":"https:\/\/unser-landvolk.de\/index.php?rest_route=%2Fwp%2Fv2%2Ftags&post=428"}],"curies":[{"name":"wp","href":"https:\/\/api.w.org\/{rel}","templated":true}]}}