{"id":391,"date":"2021-05-04T13:45:53","date_gmt":"2021-05-04T11:45:53","guid":{"rendered":"http:\/\/unser-landvolk.de\/?p=391"},"modified":"2021-05-07T15:45:21","modified_gmt":"2021-05-07T13:45:21","slug":"meiers-hofladen","status":"publish","type":"post","link":"https:\/\/unser-landvolk.de\/?p=391","title":{"rendered":"Meier\u2018s Hofladen"},"content":{"rendered":"\n<p><strong>Seit 20 Jahren Ihr Partner f\u00fcr regionale Lebensmittel<br><\/strong>Wir bieten eine vielf\u00e4ltige Auswahl an Fleisch- und Wurstwaren, Milch und Milchprodukten, wie K\u00e4se, Joghurt und Quark aus eigener Herstellung. Aber auch Fruchtaufstriche, Eint\u00f6pfe und Fertiggerichte nach eigenen Rezepten bekommen Sie bei uns.<br>Ein besonderes Highlight in den Sommermonaten ist unser selbstgemachtes Speiseeis aus der Milch unserer K\u00fche.<br>Au\u00dferdem bieten wir H\u00fchnereier, Honig und Kartoffeln von regionalen Erzeugern an.<br>Am besten kommen Sie gleich selbst vorbei und \u00fcberzeugen sich von unserem reichhaltigen Angebot und der Qualit\u00e4t unserer Produkte.<br>Au\u00dferdem ist unser Verkaufsautomat t\u00e4glich 24 Std. f\u00fcr Sie da.<br><br><\/p>\n\n\n\n<figure class=\"wp-block-image size-large\"><img loading=\"lazy\" decoding=\"async\" width=\"800\" height=\"533\" src=\"http:\/\/unser-landvolk.de\/wp-content\/uploads\/2021\/05\/meiers-hofladen-rinteln020.jpg\" alt=\"\" class=\"wp-image-400\" srcset=\"https:\/\/unser-landvolk.de\/wp-content\/uploads\/2021\/05\/meiers-hofladen-rinteln020.jpg 800w, https:\/\/unser-landvolk.de\/wp-content\/uploads\/2021\/05\/meiers-hofladen-rinteln020-300x200.jpg 300w, https:\/\/unser-landvolk.de\/wp-content\/uploads\/2021\/05\/meiers-hofladen-rinteln020-768x512.jpg 768w, https:\/\/unser-landvolk.de\/wp-content\/uploads\/2021\/05\/meiers-hofladen-rinteln020-576x384.jpg 576w, https:\/\/unser-landvolk.de\/wp-content\/uploads\/2021\/05\/meiers-hofladen-rinteln020-165x109.jpg 165w\" sizes=\"auto, (max-width: 800px) 100vw, 800px\" \/><\/figure>\n\n\n\n<p><strong>Meier\u2018s Hofladen<br><\/strong>Berliner Stra\u00dfe 33<br>31737 Rinteln<br>Telefon: 05751 &#8211; 1 49 15<\/p>\n\n\n\n<p><strong>\u00d6ffnungszeiten<br><\/strong>Mittwoch 09:00 &#8211; 12:00 und 14:30 &#8211; 18:00<br>Donnerstag 09:00 &#8211; 12:00 und 14:30 &#8211; 18:00<br>Freitag 09:00 &#8211; 12:00 und 14:30 &#8211; 18:00<\/p>\n","protected":false},"excerpt":{"rendered":"<p>Seit 20 Jahren Ihr Partner f\u00fcr regionale LebensmittelWir bieten eine vielf\u00e4ltige Auswahl an Fleisch- und Wurstwaren, Milch und Milchprodukten, wie K\u00e4se, Joghurt und Quark aus eigener Herstellung. Aber auch Fruchtaufstriche, Eint\u00f6pfe und Fertiggerichte nach eigenen Rezepten bekommen Sie bei uns.Ein besonderes Highlight in den Sommermonaten ist unser selbstgemachtes Speiseeis aus [&hellip;]<\/p>\n","protected":false},"author":1,"featured_media":398,"comment_status":"closed","ping_status":"open","sticky":false,"template":"","format":"standard","meta":{"_monsterinsights_skip_tracking":false,"_monsterinsights_sitenote_active":false,"_monsterinsights_sitenote_note":"","_monsterinsights_sitenote_category":0,"spay_email":"","footnotes":""},"categories":[11],"tags":[],"class_list":["post-391","post","type-post","status-publish","format-standard","has-post-thumbnail","hentry","category-hoflaeden"],"yoast_head":"<!-- This site is optimized with the Yoast SEO plugin v27.4 - https:\/\/yoast.com\/product\/yoast-seo-wordpress\/ -->\n<title>Meier\u2018s Hofladen - Unser Landvolk<\/title>\n<meta name=\"robots\" content=\"index, follow, max-snippet:-1, max-image-preview:large, max-video-preview:-1\" \/>\n<link rel=\"canonical\" href=\"https:\/\/unser-landvolk.de\/?p=391\" \/>\n<meta property=\"og:locale\" content=\"de_DE\" \/>\n<meta property=\"og:type\" content=\"article\" \/>\n<meta property=\"og:title\" content=\"Meier\u2018s Hofladen - Unser Landvolk\" \/>\n<meta property=\"og:description\" content=\"Seit 20 Jahren Ihr Partner f\u00fcr regionale LebensmittelWir bieten eine vielf\u00e4ltige Auswahl an Fleisch- und Wurstwaren, Milch und Milchprodukten, wie K\u00e4se, Joghurt und Quark aus eigener Herstellung. Aber auch Fruchtaufstriche, Eint\u00f6pfe und Fertiggerichte nach eigenen Rezepten bekommen Sie bei uns.Ein besonderes Highlight in den Sommermonaten ist unser selbstgemachtes Speiseeis aus [&hellip;]\" \/>\n<meta property=\"og:url\" content=\"https:\/\/unser-landvolk.de\/?p=391\" \/>\n<meta property=\"og:site_name\" content=\"Unser Landvolk\" \/>\n<meta property=\"article:published_time\" content=\"2021-05-04T11:45:53+00:00\" \/>\n<meta property=\"article:modified_time\" content=\"2021-05-07T13:45:21+00:00\" \/>\n<meta property=\"og:image\" content=\"https:\/\/unser-landvolk.de\/wp-content\/uploads\/2021\/05\/meiers-title.jpg\" \/>\n\t<meta property=\"og:image:width\" content=\"1042\" \/>\n\t<meta property=\"og:image:height\" content=\"834\" \/>\n\t<meta property=\"og:image:type\" content=\"image\/jpeg\" \/>\n<meta name=\"author\" content=\"kl\" \/>\n<meta name=\"twitter:card\" content=\"summary_large_image\" \/>\n<meta name=\"twitter:label1\" content=\"Verfasst von\" \/>\n\t<meta name=\"twitter:data1\" content=\"kl\" \/>\n\t<meta name=\"twitter:label2\" content=\"Gesch\u00e4tzte Lesezeit\" \/>\n\t<meta name=\"twitter:data2\" content=\"1\u00a0Minute\" \/>\n<script type=\"application\/ld+json\" class=\"yoast-schema-graph\">{\"@context\":\"https:\\\/\\\/schema.org\",\"@graph\":[{\"@type\":\"Article\",\"@id\":\"https:\\\/\\\/unser-landvolk.de\\\/?p=391#article\",\"isPartOf\":{\"@id\":\"https:\\\/\\\/unser-landvolk.de\\\/?p=391\"},\"author\":{\"name\":\"kl\",\"@id\":\"https:\\\/\\\/unser-landvolk.de\\\/#\\\/schema\\\/person\\\/c0f08f15baa7e436242f280aa06f3c18\"},\"headline\":\"Meier\u2018s Hofladen\",\"datePublished\":\"2021-05-04T11:45:53+00:00\",\"dateModified\":\"2021-05-07T13:45:21+00:00\",\"mainEntityOfPage\":{\"@id\":\"https:\\\/\\\/unser-landvolk.de\\\/?p=391\"},\"wordCount\":129,\"publisher\":{\"@id\":\"https:\\\/\\\/unser-landvolk.de\\\/#organization\"},\"image\":{\"@id\":\"https:\\\/\\\/unser-landvolk.de\\\/?p=391#primaryimage\"},\"thumbnailUrl\":\"https:\\\/\\\/unser-landvolk.de\\\/wp-content\\\/uploads\\\/2021\\\/05\\\/meiers-title.jpg\",\"articleSection\":[\"Hofl\u00e4den\"],\"inLanguage\":\"de\"},{\"@type\":\"WebPage\",\"@id\":\"https:\\\/\\\/unser-landvolk.de\\\/?p=391\",\"url\":\"https:\\\/\\\/unser-landvolk.de\\\/?p=391\",\"name\":\"Meier\u2018s Hofladen - Unser Landvolk\",\"isPartOf\":{\"@id\":\"https:\\\/\\\/unser-landvolk.de\\\/#website\"},\"primaryImageOfPage\":{\"@id\":\"https:\\\/\\\/unser-landvolk.de\\\/?p=391#primaryimage\"},\"image\":{\"@id\":\"https:\\\/\\\/unser-landvolk.de\\\/?p=391#primaryimage\"},\"thumbnailUrl\":\"https:\\\/\\\/unser-landvolk.de\\\/wp-content\\\/uploads\\\/2021\\\/05\\\/meiers-title.jpg\",\"datePublished\":\"2021-05-04T11:45:53+00:00\",\"dateModified\":\"2021-05-07T13:45:21+00:00\",\"breadcrumb\":{\"@id\":\"https:\\\/\\\/unser-landvolk.de\\\/?p=391#breadcrumb\"},\"inLanguage\":\"de\",\"potentialAction\":[{\"@type\":\"ReadAction\",\"target\":[\"https:\\\/\\\/unser-landvolk.de\\\/?p=391\"]}]},{\"@type\":\"ImageObject\",\"inLanguage\":\"de\",\"@id\":\"https:\\\/\\\/unser-landvolk.de\\\/?p=391#primaryimage\",\"url\":\"https:\\\/\\\/unser-landvolk.de\\\/wp-content\\\/uploads\\\/2021\\\/05\\\/meiers-title.jpg\",\"contentUrl\":\"https:\\\/\\\/unser-landvolk.de\\\/wp-content\\\/uploads\\\/2021\\\/05\\\/meiers-title.jpg\",\"width\":1042,\"height\":834},{\"@type\":\"BreadcrumbList\",\"@id\":\"https:\\\/\\\/unser-landvolk.de\\\/?p=391#breadcrumb\",\"itemListElement\":[{\"@type\":\"ListItem\",\"position\":1,\"name\":\"Startseite\",\"item\":\"https:\\\/\\\/unser-landvolk.de\\\/\"},{\"@type\":\"ListItem\",\"position\":2,\"name\":\"Meier\u2018s Hofladen\"}]},{\"@type\":\"WebSite\",\"@id\":\"https:\\\/\\\/unser-landvolk.de\\\/#website\",\"url\":\"https:\\\/\\\/unser-landvolk.de\\\/\",\"name\":\"Unser Landvolk\",\"description\":\"Landwirtschaft in Schaumburg\",\"publisher\":{\"@id\":\"https:\\\/\\\/unser-landvolk.de\\\/#organization\"},\"potentialAction\":[{\"@type\":\"SearchAction\",\"target\":{\"@type\":\"EntryPoint\",\"urlTemplate\":\"https:\\\/\\\/unser-landvolk.de\\\/?s={search_term_string}\"},\"query-input\":{\"@type\":\"PropertyValueSpecification\",\"valueRequired\":true,\"valueName\":\"search_term_string\"}}],\"inLanguage\":\"de\"},{\"@type\":\"Organization\",\"@id\":\"https:\\\/\\\/unser-landvolk.de\\\/#organization\",\"name\":\"Unser Landvolk\",\"url\":\"https:\\\/\\\/unser-landvolk.de\\\/\",\"logo\":{\"@type\":\"ImageObject\",\"inLanguage\":\"de\",\"@id\":\"https:\\\/\\\/unser-landvolk.de\\\/#\\\/schema\\\/logo\\\/image\\\/\",\"url\":\"https:\\\/\\\/unser-landvolk.de\\\/wp-content\\\/uploads\\\/2021\\\/05\\\/cropped-header-650x150-1.jpg\",\"contentUrl\":\"https:\\\/\\\/unser-landvolk.de\\\/wp-content\\\/uploads\\\/2021\\\/05\\\/cropped-header-650x150-1.jpg\",\"width\":1355,\"height\":260,\"caption\":\"Unser Landvolk\"},\"image\":{\"@id\":\"https:\\\/\\\/unser-landvolk.de\\\/#\\\/schema\\\/logo\\\/image\\\/\"}},{\"@type\":\"Person\",\"@id\":\"https:\\\/\\\/unser-landvolk.de\\\/#\\\/schema\\\/person\\\/c0f08f15baa7e436242f280aa06f3c18\",\"name\":\"kl\",\"image\":{\"@type\":\"ImageObject\",\"inLanguage\":\"de\",\"@id\":\"https:\\\/\\\/secure.gravatar.com\\\/avatar\\\/95d9efd984da1aabcc8f4ab5e341dc7f5ccd9e4997044adf78d03744f8614cb8?s=96&d=blank&r=g\",\"url\":\"https:\\\/\\\/secure.gravatar.com\\\/avatar\\\/95d9efd984da1aabcc8f4ab5e341dc7f5ccd9e4997044adf78d03744f8614cb8?s=96&d=blank&r=g\",\"contentUrl\":\"https:\\\/\\\/secure.gravatar.com\\\/avatar\\\/95d9efd984da1aabcc8f4ab5e341dc7f5ccd9e4997044adf78d03744f8614cb8?s=96&d=blank&r=g\",\"caption\":\"kl\"},\"sameAs\":[\"http:\\\/\\\/unser-landvolk.de\"],\"url\":\"https:\\\/\\\/unser-landvolk.de\\\/?author=1\"}]}<\/script>\n<!-- \/ Yoast SEO plugin. -->","yoast_head_json":{"title":"Meier\u2018s Hofladen - Unser Landvolk","robots":{"index":"index","follow":"follow","max-snippet":"max-snippet:-1","max-image-preview":"max-image-preview:large","max-video-preview":"max-video-preview:-1"},"canonical":"https:\/\/unser-landvolk.de\/?p=391","og_locale":"de_DE","og_type":"article","og_title":"Meier\u2018s Hofladen - Unser Landvolk","og_description":"Seit 20 Jahren Ihr Partner f\u00fcr regionale LebensmittelWir bieten eine vielf\u00e4ltige Auswahl an Fleisch- und Wurstwaren, Milch und Milchprodukten, wie K\u00e4se, Joghurt und Quark aus eigener Herstellung. Aber auch Fruchtaufstriche, Eint\u00f6pfe und Fertiggerichte nach eigenen Rezepten bekommen Sie bei uns.Ein besonderes Highlight in den Sommermonaten ist unser selbstgemachtes Speiseeis aus [&hellip;]","og_url":"https:\/\/unser-landvolk.de\/?p=391","og_site_name":"Unser Landvolk","article_published_time":"2021-05-04T11:45:53+00:00","article_modified_time":"2021-05-07T13:45:21+00:00","og_image":[{"width":1042,"height":834,"url":"https:\/\/unser-landvolk.de\/wp-content\/uploads\/2021\/05\/meiers-title.jpg","type":"image\/jpeg"}],"author":"kl","twitter_card":"summary_large_image","twitter_misc":{"Verfasst von":"kl","Gesch\u00e4tzte Lesezeit":"1\u00a0Minute"},"schema":{"@context":"https:\/\/schema.org","@graph":[{"@type":"Article","@id":"https:\/\/unser-landvolk.de\/?p=391#article","isPartOf":{"@id":"https:\/\/unser-landvolk.de\/?p=391"},"author":{"name":"kl","@id":"https:\/\/unser-landvolk.de\/#\/schema\/person\/c0f08f15baa7e436242f280aa06f3c18"},"headline":"Meier\u2018s Hofladen","datePublished":"2021-05-04T11:45:53+00:00","dateModified":"2021-05-07T13:45:21+00:00","mainEntityOfPage":{"@id":"https:\/\/unser-landvolk.de\/?p=391"},"wordCount":129,"publisher":{"@id":"https:\/\/unser-landvolk.de\/#organization"},"image":{"@id":"https:\/\/unser-landvolk.de\/?p=391#primaryimage"},"thumbnailUrl":"https:\/\/unser-landvolk.de\/wp-content\/uploads\/2021\/05\/meiers-title.jpg","articleSection":["Hofl\u00e4den"],"inLanguage":"de"},{"@type":"WebPage","@id":"https:\/\/unser-landvolk.de\/?p=391","url":"https:\/\/unser-landvolk.de\/?p=391","name":"Meier\u2018s Hofladen - Unser Landvolk","isPartOf":{"@id":"https:\/\/unser-landvolk.de\/#website"},"primaryImageOfPage":{"@id":"https:\/\/unser-landvolk.de\/?p=391#primaryimage"},"image":{"@id":"https:\/\/unser-landvolk.de\/?p=391#primaryimage"},"thumbnailUrl":"https:\/\/unser-landvolk.de\/wp-content\/uploads\/2021\/05\/meiers-title.jpg","datePublished":"2021-05-04T11:45:53+00:00","dateModified":"2021-05-07T13:45:21+00:00","breadcrumb":{"@id":"https:\/\/unser-landvolk.de\/?p=391#breadcrumb"},"inLanguage":"de","potentialAction":[{"@type":"ReadAction","target":["https:\/\/unser-landvolk.de\/?p=391"]}]},{"@type":"ImageObject","inLanguage":"de","@id":"https:\/\/unser-landvolk.de\/?p=391#primaryimage","url":"https:\/\/unser-landvolk.de\/wp-content\/uploads\/2021\/05\/meiers-title.jpg","contentUrl":"https:\/\/unser-landvolk.de\/wp-content\/uploads\/2021\/05\/meiers-title.jpg","width":1042,"height":834},{"@type":"BreadcrumbList","@id":"https:\/\/unser-landvolk.de\/?p=391#breadcrumb","itemListElement":[{"@type":"ListItem","position":1,"name":"Startseite","item":"https:\/\/unser-landvolk.de\/"},{"@type":"ListItem","position":2,"name":"Meier\u2018s Hofladen"}]},{"@type":"WebSite","@id":"https:\/\/unser-landvolk.de\/#website","url":"https:\/\/unser-landvolk.de\/","name":"Unser Landvolk","description":"Landwirtschaft in Schaumburg","publisher":{"@id":"https:\/\/unser-landvolk.de\/#organization"},"potentialAction":[{"@type":"SearchAction","target":{"@type":"EntryPoint","urlTemplate":"https:\/\/unser-landvolk.de\/?s={search_term_string}"},"query-input":{"@type":"PropertyValueSpecification","valueRequired":true,"valueName":"search_term_string"}}],"inLanguage":"de"},{"@type":"Organization","@id":"https:\/\/unser-landvolk.de\/#organization","name":"Unser Landvolk","url":"https:\/\/unser-landvolk.de\/","logo":{"@type":"ImageObject","inLanguage":"de","@id":"https:\/\/unser-landvolk.de\/#\/schema\/logo\/image\/","url":"https:\/\/unser-landvolk.de\/wp-content\/uploads\/2021\/05\/cropped-header-650x150-1.jpg","contentUrl":"https:\/\/unser-landvolk.de\/wp-content\/uploads\/2021\/05\/cropped-header-650x150-1.jpg","width":1355,"height":260,"caption":"Unser Landvolk"},"image":{"@id":"https:\/\/unser-landvolk.de\/#\/schema\/logo\/image\/"}},{"@type":"Person","@id":"https:\/\/unser-landvolk.de\/#\/schema\/person\/c0f08f15baa7e436242f280aa06f3c18","name":"kl","image":{"@type":"ImageObject","inLanguage":"de","@id":"https:\/\/secure.gravatar.com\/avatar\/95d9efd984da1aabcc8f4ab5e341dc7f5ccd9e4997044adf78d03744f8614cb8?s=96&d=blank&r=g","url":"https:\/\/secure.gravatar.com\/avatar\/95d9efd984da1aabcc8f4ab5e341dc7f5ccd9e4997044adf78d03744f8614cb8?s=96&d=blank&r=g","contentUrl":"https:\/\/secure.gravatar.com\/avatar\/95d9efd984da1aabcc8f4ab5e341dc7f5ccd9e4997044adf78d03744f8614cb8?s=96&d=blank&r=g","caption":"kl"},"sameAs":["http:\/\/unser-landvolk.de"],"url":"https:\/\/unser-landvolk.de\/?author=1"}]}},"jetpack_featured_media_url":"https:\/\/unser-landvolk.de\/wp-content\/uploads\/2021\/05\/meiers-title.jpg","_links":{"self":[{"href":"https:\/\/unser-landvolk.de\/index.php?rest_route=\/wp\/v2\/posts\/391","targetHints":{"allow":["GET"]}}],"collection":[{"href":"https:\/\/unser-landvolk.de\/index.php?rest_route=\/wp\/v2\/posts"}],"about":[{"href":"https:\/\/unser-landvolk.de\/index.php?rest_route=\/wp\/v2\/types\/post"}],"author":[{"embeddable":true,"href":"https:\/\/unser-landvolk.de\/index.php?rest_route=\/wp\/v2\/users\/1"}],"replies":[{"embeddable":true,"href":"https:\/\/unser-landvolk.de\/index.php?rest_route=%2Fwp%2Fv2%2Fcomments&post=391"}],"version-history":[{"count":2,"href":"https:\/\/unser-landvolk.de\/index.php?rest_route=\/wp\/v2\/posts\/391\/revisions"}],"predecessor-version":[{"id":401,"href":"https:\/\/unser-landvolk.de\/index.php?rest_route=\/wp\/v2\/posts\/391\/revisions\/401"}],"wp:featuredmedia":[{"embeddable":true,"href":"https:\/\/unser-landvolk.de\/index.php?rest_route=\/wp\/v2\/media\/398"}],"wp:attachment":[{"href":"https:\/\/unser-landvolk.de\/index.php?rest_route=%2Fwp%2Fv2%2Fmedia&parent=391"}],"wp:term":[{"taxonomy":"category","embeddable":true,"href":"https:\/\/unser-landvolk.de\/index.php?rest_route=%2Fwp%2Fv2%2Fcategories&post=391"},{"taxonomy":"post_tag","embeddable":true,"href":"https:\/\/unser-landvolk.de\/index.php?rest_route=%2Fwp%2Fv2%2Ftags&post=391"}],"curies":[{"name":"wp","href":"https:\/\/api.w.org\/{rel}","templated":true}]}}