{"id":385,"date":"2021-05-04T12:26:36","date_gmt":"2021-05-04T10:26:36","guid":{"rendered":"http:\/\/unser-landvolk.de\/?p=385"},"modified":"2021-05-04T13:44:25","modified_gmt":"2021-05-04T11:44:25","slug":"kampmeiers-hofladen","status":"publish","type":"post","link":"https:\/\/unser-landvolk.de\/?p=385","title":{"rendered":"Kampmeiers Hofladen"},"content":{"rendered":"\n<p>Unser Hofladen liegt idyllisch im Weserbergland zwischen Uchtdorf und Volksen, in der N\u00e4he von Rinteln.<br>Auf saftigen frischen Weiden grasen unsere Highland-Rinder und auch unsere H\u00fchner haben freien Auslauf auf gr\u00fcnen Wiesen. Der derzeitige Schweinebestand setzt sich aus Sauen, Ferkel und Mastschweinen zusammen, die teilweise im offenen Stall drau\u00dfen, sowie im Stall drinnen sich auf Stroh austoben k\u00f6nnen.<br>Fleisch-und Wurstwaren fertigen wir fast alle direkt auf dem Hof nach traditionellen Rezepten. Neben frischen Eiern erhalten Sie bei uns auch selbst zubereiteten Brotaufstrich. Selbstverst\u00e4ndlich mit Fr\u00fcchten aus dem eigenen und privaten G\u00e4rten.<\/p>\n\n\n\n<figure class=\"wp-block-image size-large\"><img loading=\"lazy\" decoding=\"async\" width=\"950\" height=\"200\" src=\"http:\/\/unser-landvolk.de\/wp-content\/uploads\/2021\/05\/header.jpg\" alt=\"\" class=\"wp-image-386\" srcset=\"https:\/\/unser-landvolk.de\/wp-content\/uploads\/2021\/05\/header.jpg 950w, https:\/\/unser-landvolk.de\/wp-content\/uploads\/2021\/05\/header-300x63.jpg 300w, https:\/\/unser-landvolk.de\/wp-content\/uploads\/2021\/05\/header-768x162.jpg 768w, https:\/\/unser-landvolk.de\/wp-content\/uploads\/2021\/05\/header-800x168.jpg 800w\" sizes=\"auto, (max-width: 950px) 100vw, 950px\" \/><\/figure>\n\n\n\n<p><strong>Kampmeiers Hofladen<br><\/strong>Kasseler Landstr. 22<br>31737 Rinteln\/Uchtdorf<br>Tel. 05751\/43989<br>Mobil 0174\/6116923<br>Gern auch \u00fcber Whatsapp<\/p>\n\n\n\n<p><strong>\u00d6ffnungszeiten:<br><\/strong>Mi\/Do\/Fr: 9-18 Uhr<br>Samstag: 8-13 Uhr<br>auf Anfrage auch<br>Mo und Di oder<br>nach Vereinbarung<\/p>\n","protected":false},"excerpt":{"rendered":"<p>Unser Hofladen liegt idyllisch im Weserbergland zwischen Uchtdorf und Volksen, in der N\u00e4he von Rinteln.Auf saftigen frischen Weiden grasen unsere Highland-Rinder und auch unsere H\u00fchner haben freien Auslauf auf gr\u00fcnen Wiesen. Der derzeitige Schweinebestand setzt sich aus Sauen, Ferkel und Mastschweinen zusammen, die teilweise im offenen Stall drau\u00dfen, sowie im [&hellip;]<\/p>\n","protected":false},"author":1,"featured_media":397,"comment_status":"closed","ping_status":"open","sticky":false,"template":"","format":"standard","meta":{"_monsterinsights_skip_tracking":false,"_monsterinsights_sitenote_active":false,"_monsterinsights_sitenote_note":"","_monsterinsights_sitenote_category":0,"spay_email":"","footnotes":""},"categories":[11],"tags":[],"class_list":["post-385","post","type-post","status-publish","format-standard","has-post-thumbnail","hentry","category-hoflaeden"],"yoast_head":"<!-- This site is optimized with the Yoast SEO plugin v27.4 - https:\/\/yoast.com\/product\/yoast-seo-wordpress\/ -->\n<title>Kampmeiers Hofladen - Unser Landvolk<\/title>\n<meta name=\"robots\" content=\"index, follow, max-snippet:-1, max-image-preview:large, max-video-preview:-1\" \/>\n<link rel=\"canonical\" href=\"https:\/\/unser-landvolk.de\/?p=385\" \/>\n<meta property=\"og:locale\" content=\"de_DE\" \/>\n<meta property=\"og:type\" content=\"article\" \/>\n<meta property=\"og:title\" content=\"Kampmeiers Hofladen - Unser Landvolk\" \/>\n<meta property=\"og:description\" content=\"Unser Hofladen liegt idyllisch im Weserbergland zwischen Uchtdorf und Volksen, in der N\u00e4he von Rinteln.Auf saftigen frischen Weiden grasen unsere Highland-Rinder und auch unsere H\u00fchner haben freien Auslauf auf gr\u00fcnen Wiesen. Der derzeitige Schweinebestand setzt sich aus Sauen, Ferkel und Mastschweinen zusammen, die teilweise im offenen Stall drau\u00dfen, sowie im [&hellip;]\" \/>\n<meta property=\"og:url\" content=\"https:\/\/unser-landvolk.de\/?p=385\" \/>\n<meta property=\"og:site_name\" content=\"Unser Landvolk\" \/>\n<meta property=\"article:published_time\" content=\"2021-05-04T10:26:36+00:00\" \/>\n<meta property=\"article:modified_time\" content=\"2021-05-04T11:44:25+00:00\" \/>\n<meta property=\"og:image\" content=\"https:\/\/unser-landvolk.de\/wp-content\/uploads\/2021\/05\/logo-image.jpg\" \/>\n\t<meta property=\"og:image:width\" content=\"500\" \/>\n\t<meta property=\"og:image:height\" content=\"400\" \/>\n\t<meta property=\"og:image:type\" content=\"image\/jpeg\" \/>\n<meta name=\"author\" content=\"kl\" \/>\n<meta name=\"twitter:card\" content=\"summary_large_image\" \/>\n<meta name=\"twitter:label1\" content=\"Verfasst von\" \/>\n\t<meta name=\"twitter:data1\" content=\"kl\" \/>\n\t<meta name=\"twitter:label2\" content=\"Gesch\u00e4tzte Lesezeit\" \/>\n\t<meta name=\"twitter:data2\" content=\"1\u00a0Minute\" \/>\n<script type=\"application\/ld+json\" class=\"yoast-schema-graph\">{\"@context\":\"https:\\\/\\\/schema.org\",\"@graph\":[{\"@type\":\"Article\",\"@id\":\"https:\\\/\\\/unser-landvolk.de\\\/?p=385#article\",\"isPartOf\":{\"@id\":\"https:\\\/\\\/unser-landvolk.de\\\/?p=385\"},\"author\":{\"name\":\"kl\",\"@id\":\"https:\\\/\\\/unser-landvolk.de\\\/#\\\/schema\\\/person\\\/c0f08f15baa7e436242f280aa06f3c18\"},\"headline\":\"Kampmeiers Hofladen\",\"datePublished\":\"2021-05-04T10:26:36+00:00\",\"dateModified\":\"2021-05-04T11:44:25+00:00\",\"mainEntityOfPage\":{\"@id\":\"https:\\\/\\\/unser-landvolk.de\\\/?p=385\"},\"wordCount\":126,\"publisher\":{\"@id\":\"https:\\\/\\\/unser-landvolk.de\\\/#organization\"},\"image\":{\"@id\":\"https:\\\/\\\/unser-landvolk.de\\\/?p=385#primaryimage\"},\"thumbnailUrl\":\"https:\\\/\\\/unser-landvolk.de\\\/wp-content\\\/uploads\\\/2021\\\/05\\\/logo-image.jpg\",\"articleSection\":[\"Hofl\u00e4den\"],\"inLanguage\":\"de\"},{\"@type\":\"WebPage\",\"@id\":\"https:\\\/\\\/unser-landvolk.de\\\/?p=385\",\"url\":\"https:\\\/\\\/unser-landvolk.de\\\/?p=385\",\"name\":\"Kampmeiers Hofladen - Unser Landvolk\",\"isPartOf\":{\"@id\":\"https:\\\/\\\/unser-landvolk.de\\\/#website\"},\"primaryImageOfPage\":{\"@id\":\"https:\\\/\\\/unser-landvolk.de\\\/?p=385#primaryimage\"},\"image\":{\"@id\":\"https:\\\/\\\/unser-landvolk.de\\\/?p=385#primaryimage\"},\"thumbnailUrl\":\"https:\\\/\\\/unser-landvolk.de\\\/wp-content\\\/uploads\\\/2021\\\/05\\\/logo-image.jpg\",\"datePublished\":\"2021-05-04T10:26:36+00:00\",\"dateModified\":\"2021-05-04T11:44:25+00:00\",\"breadcrumb\":{\"@id\":\"https:\\\/\\\/unser-landvolk.de\\\/?p=385#breadcrumb\"},\"inLanguage\":\"de\",\"potentialAction\":[{\"@type\":\"ReadAction\",\"target\":[\"https:\\\/\\\/unser-landvolk.de\\\/?p=385\"]}]},{\"@type\":\"ImageObject\",\"inLanguage\":\"de\",\"@id\":\"https:\\\/\\\/unser-landvolk.de\\\/?p=385#primaryimage\",\"url\":\"https:\\\/\\\/unser-landvolk.de\\\/wp-content\\\/uploads\\\/2021\\\/05\\\/logo-image.jpg\",\"contentUrl\":\"https:\\\/\\\/unser-landvolk.de\\\/wp-content\\\/uploads\\\/2021\\\/05\\\/logo-image.jpg\",\"width\":500,\"height\":400},{\"@type\":\"BreadcrumbList\",\"@id\":\"https:\\\/\\\/unser-landvolk.de\\\/?p=385#breadcrumb\",\"itemListElement\":[{\"@type\":\"ListItem\",\"position\":1,\"name\":\"Startseite\",\"item\":\"https:\\\/\\\/unser-landvolk.de\\\/\"},{\"@type\":\"ListItem\",\"position\":2,\"name\":\"Kampmeiers Hofladen\"}]},{\"@type\":\"WebSite\",\"@id\":\"https:\\\/\\\/unser-landvolk.de\\\/#website\",\"url\":\"https:\\\/\\\/unser-landvolk.de\\\/\",\"name\":\"Unser Landvolk\",\"description\":\"Landwirtschaft in Schaumburg\",\"publisher\":{\"@id\":\"https:\\\/\\\/unser-landvolk.de\\\/#organization\"},\"potentialAction\":[{\"@type\":\"SearchAction\",\"target\":{\"@type\":\"EntryPoint\",\"urlTemplate\":\"https:\\\/\\\/unser-landvolk.de\\\/?s={search_term_string}\"},\"query-input\":{\"@type\":\"PropertyValueSpecification\",\"valueRequired\":true,\"valueName\":\"search_term_string\"}}],\"inLanguage\":\"de\"},{\"@type\":\"Organization\",\"@id\":\"https:\\\/\\\/unser-landvolk.de\\\/#organization\",\"name\":\"Unser Landvolk\",\"url\":\"https:\\\/\\\/unser-landvolk.de\\\/\",\"logo\":{\"@type\":\"ImageObject\",\"inLanguage\":\"de\",\"@id\":\"https:\\\/\\\/unser-landvolk.de\\\/#\\\/schema\\\/logo\\\/image\\\/\",\"url\":\"https:\\\/\\\/unser-landvolk.de\\\/wp-content\\\/uploads\\\/2021\\\/05\\\/cropped-header-650x150-1.jpg\",\"contentUrl\":\"https:\\\/\\\/unser-landvolk.de\\\/wp-content\\\/uploads\\\/2021\\\/05\\\/cropped-header-650x150-1.jpg\",\"width\":1355,\"height\":260,\"caption\":\"Unser Landvolk\"},\"image\":{\"@id\":\"https:\\\/\\\/unser-landvolk.de\\\/#\\\/schema\\\/logo\\\/image\\\/\"}},{\"@type\":\"Person\",\"@id\":\"https:\\\/\\\/unser-landvolk.de\\\/#\\\/schema\\\/person\\\/c0f08f15baa7e436242f280aa06f3c18\",\"name\":\"kl\",\"image\":{\"@type\":\"ImageObject\",\"inLanguage\":\"de\",\"@id\":\"https:\\\/\\\/secure.gravatar.com\\\/avatar\\\/95d9efd984da1aabcc8f4ab5e341dc7f5ccd9e4997044adf78d03744f8614cb8?s=96&d=blank&r=g\",\"url\":\"https:\\\/\\\/secure.gravatar.com\\\/avatar\\\/95d9efd984da1aabcc8f4ab5e341dc7f5ccd9e4997044adf78d03744f8614cb8?s=96&d=blank&r=g\",\"contentUrl\":\"https:\\\/\\\/secure.gravatar.com\\\/avatar\\\/95d9efd984da1aabcc8f4ab5e341dc7f5ccd9e4997044adf78d03744f8614cb8?s=96&d=blank&r=g\",\"caption\":\"kl\"},\"sameAs\":[\"http:\\\/\\\/unser-landvolk.de\"],\"url\":\"https:\\\/\\\/unser-landvolk.de\\\/?author=1\"}]}<\/script>\n<!-- \/ Yoast SEO plugin. -->","yoast_head_json":{"title":"Kampmeiers Hofladen - Unser Landvolk","robots":{"index":"index","follow":"follow","max-snippet":"max-snippet:-1","max-image-preview":"max-image-preview:large","max-video-preview":"max-video-preview:-1"},"canonical":"https:\/\/unser-landvolk.de\/?p=385","og_locale":"de_DE","og_type":"article","og_title":"Kampmeiers Hofladen - Unser Landvolk","og_description":"Unser Hofladen liegt idyllisch im Weserbergland zwischen Uchtdorf und Volksen, in der N\u00e4he von Rinteln.Auf saftigen frischen Weiden grasen unsere Highland-Rinder und auch unsere H\u00fchner haben freien Auslauf auf gr\u00fcnen Wiesen. Der derzeitige Schweinebestand setzt sich aus Sauen, Ferkel und Mastschweinen zusammen, die teilweise im offenen Stall drau\u00dfen, sowie im [&hellip;]","og_url":"https:\/\/unser-landvolk.de\/?p=385","og_site_name":"Unser Landvolk","article_published_time":"2021-05-04T10:26:36+00:00","article_modified_time":"2021-05-04T11:44:25+00:00","og_image":[{"width":500,"height":400,"url":"https:\/\/unser-landvolk.de\/wp-content\/uploads\/2021\/05\/logo-image.jpg","type":"image\/jpeg"}],"author":"kl","twitter_card":"summary_large_image","twitter_misc":{"Verfasst von":"kl","Gesch\u00e4tzte Lesezeit":"1\u00a0Minute"},"schema":{"@context":"https:\/\/schema.org","@graph":[{"@type":"Article","@id":"https:\/\/unser-landvolk.de\/?p=385#article","isPartOf":{"@id":"https:\/\/unser-landvolk.de\/?p=385"},"author":{"name":"kl","@id":"https:\/\/unser-landvolk.de\/#\/schema\/person\/c0f08f15baa7e436242f280aa06f3c18"},"headline":"Kampmeiers Hofladen","datePublished":"2021-05-04T10:26:36+00:00","dateModified":"2021-05-04T11:44:25+00:00","mainEntityOfPage":{"@id":"https:\/\/unser-landvolk.de\/?p=385"},"wordCount":126,"publisher":{"@id":"https:\/\/unser-landvolk.de\/#organization"},"image":{"@id":"https:\/\/unser-landvolk.de\/?p=385#primaryimage"},"thumbnailUrl":"https:\/\/unser-landvolk.de\/wp-content\/uploads\/2021\/05\/logo-image.jpg","articleSection":["Hofl\u00e4den"],"inLanguage":"de"},{"@type":"WebPage","@id":"https:\/\/unser-landvolk.de\/?p=385","url":"https:\/\/unser-landvolk.de\/?p=385","name":"Kampmeiers Hofladen - Unser Landvolk","isPartOf":{"@id":"https:\/\/unser-landvolk.de\/#website"},"primaryImageOfPage":{"@id":"https:\/\/unser-landvolk.de\/?p=385#primaryimage"},"image":{"@id":"https:\/\/unser-landvolk.de\/?p=385#primaryimage"},"thumbnailUrl":"https:\/\/unser-landvolk.de\/wp-content\/uploads\/2021\/05\/logo-image.jpg","datePublished":"2021-05-04T10:26:36+00:00","dateModified":"2021-05-04T11:44:25+00:00","breadcrumb":{"@id":"https:\/\/unser-landvolk.de\/?p=385#breadcrumb"},"inLanguage":"de","potentialAction":[{"@type":"ReadAction","target":["https:\/\/unser-landvolk.de\/?p=385"]}]},{"@type":"ImageObject","inLanguage":"de","@id":"https:\/\/unser-landvolk.de\/?p=385#primaryimage","url":"https:\/\/unser-landvolk.de\/wp-content\/uploads\/2021\/05\/logo-image.jpg","contentUrl":"https:\/\/unser-landvolk.de\/wp-content\/uploads\/2021\/05\/logo-image.jpg","width":500,"height":400},{"@type":"BreadcrumbList","@id":"https:\/\/unser-landvolk.de\/?p=385#breadcrumb","itemListElement":[{"@type":"ListItem","position":1,"name":"Startseite","item":"https:\/\/unser-landvolk.de\/"},{"@type":"ListItem","position":2,"name":"Kampmeiers Hofladen"}]},{"@type":"WebSite","@id":"https:\/\/unser-landvolk.de\/#website","url":"https:\/\/unser-landvolk.de\/","name":"Unser Landvolk","description":"Landwirtschaft in Schaumburg","publisher":{"@id":"https:\/\/unser-landvolk.de\/#organization"},"potentialAction":[{"@type":"SearchAction","target":{"@type":"EntryPoint","urlTemplate":"https:\/\/unser-landvolk.de\/?s={search_term_string}"},"query-input":{"@type":"PropertyValueSpecification","valueRequired":true,"valueName":"search_term_string"}}],"inLanguage":"de"},{"@type":"Organization","@id":"https:\/\/unser-landvolk.de\/#organization","name":"Unser Landvolk","url":"https:\/\/unser-landvolk.de\/","logo":{"@type":"ImageObject","inLanguage":"de","@id":"https:\/\/unser-landvolk.de\/#\/schema\/logo\/image\/","url":"https:\/\/unser-landvolk.de\/wp-content\/uploads\/2021\/05\/cropped-header-650x150-1.jpg","contentUrl":"https:\/\/unser-landvolk.de\/wp-content\/uploads\/2021\/05\/cropped-header-650x150-1.jpg","width":1355,"height":260,"caption":"Unser Landvolk"},"image":{"@id":"https:\/\/unser-landvolk.de\/#\/schema\/logo\/image\/"}},{"@type":"Person","@id":"https:\/\/unser-landvolk.de\/#\/schema\/person\/c0f08f15baa7e436242f280aa06f3c18","name":"kl","image":{"@type":"ImageObject","inLanguage":"de","@id":"https:\/\/secure.gravatar.com\/avatar\/95d9efd984da1aabcc8f4ab5e341dc7f5ccd9e4997044adf78d03744f8614cb8?s=96&d=blank&r=g","url":"https:\/\/secure.gravatar.com\/avatar\/95d9efd984da1aabcc8f4ab5e341dc7f5ccd9e4997044adf78d03744f8614cb8?s=96&d=blank&r=g","contentUrl":"https:\/\/secure.gravatar.com\/avatar\/95d9efd984da1aabcc8f4ab5e341dc7f5ccd9e4997044adf78d03744f8614cb8?s=96&d=blank&r=g","caption":"kl"},"sameAs":["http:\/\/unser-landvolk.de"],"url":"https:\/\/unser-landvolk.de\/?author=1"}]}},"jetpack_featured_media_url":"https:\/\/unser-landvolk.de\/wp-content\/uploads\/2021\/05\/logo-image.jpg","_links":{"self":[{"href":"https:\/\/unser-landvolk.de\/index.php?rest_route=\/wp\/v2\/posts\/385","targetHints":{"allow":["GET"]}}],"collection":[{"href":"https:\/\/unser-landvolk.de\/index.php?rest_route=\/wp\/v2\/posts"}],"about":[{"href":"https:\/\/unser-landvolk.de\/index.php?rest_route=\/wp\/v2\/types\/post"}],"author":[{"embeddable":true,"href":"https:\/\/unser-landvolk.de\/index.php?rest_route=\/wp\/v2\/users\/1"}],"replies":[{"embeddable":true,"href":"https:\/\/unser-landvolk.de\/index.php?rest_route=%2Fwp%2Fv2%2Fcomments&post=385"}],"version-history":[{"count":1,"href":"https:\/\/unser-landvolk.de\/index.php?rest_route=\/wp\/v2\/posts\/385\/revisions"}],"predecessor-version":[{"id":390,"href":"https:\/\/unser-landvolk.de\/index.php?rest_route=\/wp\/v2\/posts\/385\/revisions\/390"}],"wp:featuredmedia":[{"embeddable":true,"href":"https:\/\/unser-landvolk.de\/index.php?rest_route=\/wp\/v2\/media\/397"}],"wp:attachment":[{"href":"https:\/\/unser-landvolk.de\/index.php?rest_route=%2Fwp%2Fv2%2Fmedia&parent=385"}],"wp:term":[{"taxonomy":"category","embeddable":true,"href":"https:\/\/unser-landvolk.de\/index.php?rest_route=%2Fwp%2Fv2%2Fcategories&post=385"},{"taxonomy":"post_tag","embeddable":true,"href":"https:\/\/unser-landvolk.de\/index.php?rest_route=%2Fwp%2Fv2%2Ftags&post=385"}],"curies":[{"name":"wp","href":"https:\/\/api.w.org\/{rel}","templated":true}]}}