{"id":374,"date":"2021-04-13T13:28:17","date_gmt":"2021-04-13T11:28:17","guid":{"rendered":"http:\/\/unser-landvolk.de\/?p=374"},"modified":"2021-05-05T11:42:52","modified_gmt":"2021-05-05T09:42:52","slug":"364-tage-leidenschaft-ein-tag-im-leben-eines-landwirts","status":"publish","type":"post","link":"https:\/\/unser-landvolk.de\/?p=374","title":{"rendered":"364 Tage Leidenschaft &#8211; Ein Tag im Leben eines Landwirts"},"content":{"rendered":"\n<p>Noch lange bevor die Sonne aufgeht, ist Dirk Rodenbeck auf den Beinen. Einen letzten Schluck von seinem Kaffee und der 42-J\u00e4hrige macht sich um 6 Uhr morgens auf den Weg in den Stall, wo ihn seine Mastschweine mit Grunzen begr\u00fc\u00dfen.<br>Rodenbeck verschafft sich einen kurzen \u00dcberblick \u00fcber seine Tiere und macht sich dann auf den Weg zu seinen Feldern. Einen letzten Blick l\u00e4sst er \u00fcber den Hof schweifen, bevor er sich seinen Maschinen widmet. Das ist seit mittlerweile mehr als 20 Jahren Alltag f\u00fcr den Gelldorfer Landwirten. Seitdem Rodenbeck ein Kind ist, hat er auf dem Hof seines Vaters mitgeholfen. Mit 22 Jahren pachtete er den Hof und f\u00fchrt seitdem den seit Jahrhunderten bestehenden Familienbetrieb fort. \u201eNat\u00fcrlich habe ich auch andere Branchen ausprobiert, aber im Kern gibt es f\u00fcr mich nichts Besseres als den Beruf des Landwirten &#8211; weil er so abwechslungsreich ist\u201c, verr\u00e4t Rodenbeck. Lediglich ein Punkt habe ihn in seiner Jugend skeptisch gestimmt: das \u00f6ffentliche Ansehen der Landwirtschaft. Um 7 Uhr treffen sein Mitarbeiter und sein Azubi ein. Zusammen mit ihnen plant er den Tag: \u201eDenn ohne Planung wird es sonst sicherlich schwierig\u201c. Jede Arbeitskraft bekommt ihre Aufgaben zugeteilt. Nun geht es raus aufs Feld f\u00fcr die Ernte. Rodenbeck macht sich nach ein paar Stunden wieder auf den Weg in den Stall. \u201eBei uns l\u00e4uft vieles parallel. Ich werde jetzt noch einen intensiveren Kontrollgang bei meinen Schweinen durchf\u00fchren, der sicherlich einige Stunden dauern wird\u201c, sagt der Landwirt. Generell sei der Alltag sehr abwechslungsreich aber auch unvorhersehbar. \u201eDa wir mit Mensch, Natur und Maschine arbeiten, muss man schon sehr flexibel sein, beispielsweise wenn das Wetter nicht mehr mitspielt\u201c, verr\u00e4t der Landwirt. Die Corona-Pandemie habe die Arbeit kaum beeinflusst. \u201eVielleicht sind wir sogar die Branche gewesen, die in der Kernarbeit am wenigsten betroffen war\u201c, vermutet er. \u201eSicherlich war das Vermarkten der Schweine u.a. aufgrund des T\u00f6nnies-Skandals schwieriger, doch wir selbst haben kaum eine Beeinflussung durch Corona bemerkt.\u201c Noch bis etwa 18 Uhr wird er im Stall und auf dem Feld unterwegs sein, dann sei normalerweise Feierabend. Ob dann \u00fcberhaupt noch genug Freizeit bleibe? \u201eDefinitiv nicht\u201c, sagt Dirk Rodenbeck, \u201eaber das darf man nicht zu kritisch sehen, denn immerhin brennen wir f\u00fcr unseren Beruf. Wenn wir in der Hochsaison um 14 Uhr ins Schwimmbad gehen w\u00fcrden und nebenbei l\u00e4uft bei uns der M\u00e4hdrescher, dann w\u00e4re das Folter f\u00fcr uns.\u201c Der 42-J\u00e4hrige lacht. \u201eSicherlich steckt da auch ein gewisser wirtschaftlicher Druck dahinter, aber auch und vor allem die Leidenschaft f\u00fcr den Beruf. Da will ich eigentlich gar nicht ins Schwimmbad fahren.\u201c Text: jb\/Foto: privat<\/p>\n","protected":false},"excerpt":{"rendered":"<p>Noch lange bevor die Sonne aufgeht, ist Dirk Rodenbeck auf den Beinen. Einen letzten Schluck von seinem Kaffee und der 42-J\u00e4hrige macht sich um 6 Uhr morgens auf den Weg in den Stall, wo ihn seine Mastschweine mit Grunzen begr\u00fc\u00dfen.Rodenbeck verschafft sich einen kurzen \u00dcberblick \u00fcber seine Tiere und macht [&hellip;]<\/p>\n","protected":false},"author":1,"featured_media":423,"comment_status":"closed","ping_status":"open","sticky":false,"template":"","format":"standard","meta":{"_monsterinsights_skip_tracking":false,"_monsterinsights_sitenote_active":false,"_monsterinsights_sitenote_note":"","_monsterinsights_sitenote_category":0,"spay_email":"","footnotes":""},"categories":[1],"tags":[],"class_list":["post-374","post","type-post","status-publish","format-standard","has-post-thumbnail","hentry","category-archiv"],"yoast_head":"<!-- This site is optimized with the Yoast SEO plugin v27.4 - https:\/\/yoast.com\/product\/yoast-seo-wordpress\/ -->\n<title>364 Tage Leidenschaft - Ein Tag im Leben eines Landwirts - Unser Landvolk<\/title>\n<meta name=\"robots\" content=\"index, follow, max-snippet:-1, max-image-preview:large, max-video-preview:-1\" \/>\n<link rel=\"canonical\" href=\"https:\/\/unser-landvolk.de\/?p=374\" \/>\n<meta property=\"og:locale\" content=\"de_DE\" \/>\n<meta property=\"og:type\" content=\"article\" \/>\n<meta property=\"og:title\" content=\"364 Tage Leidenschaft - Ein Tag im Leben eines Landwirts - Unser Landvolk\" \/>\n<meta property=\"og:description\" content=\"Noch lange bevor die Sonne aufgeht, ist Dirk Rodenbeck auf den Beinen. Einen letzten Schluck von seinem Kaffee und der 42-J\u00e4hrige macht sich um 6 Uhr morgens auf den Weg in den Stall, wo ihn seine Mastschweine mit Grunzen begr\u00fc\u00dfen.Rodenbeck verschafft sich einen kurzen \u00dcberblick \u00fcber seine Tiere und macht [&hellip;]\" \/>\n<meta property=\"og:url\" content=\"https:\/\/unser-landvolk.de\/?p=374\" \/>\n<meta property=\"og:site_name\" content=\"Unser Landvolk\" \/>\n<meta property=\"article:published_time\" content=\"2021-04-13T11:28:17+00:00\" \/>\n<meta property=\"article:modified_time\" content=\"2021-05-05T09:42:52+00:00\" \/>\n<meta property=\"og:image\" content=\"https:\/\/unser-landvolk.de\/wp-content\/uploads\/2021\/04\/346tagespass-1-scaled.jpg\" \/>\n\t<meta property=\"og:image:width\" content=\"2560\" \/>\n\t<meta property=\"og:image:height\" content=\"1707\" \/>\n\t<meta property=\"og:image:type\" content=\"image\/jpeg\" \/>\n<meta name=\"author\" content=\"kl\" \/>\n<meta name=\"twitter:card\" content=\"summary_large_image\" \/>\n<meta name=\"twitter:label1\" content=\"Verfasst von\" \/>\n\t<meta name=\"twitter:data1\" content=\"kl\" \/>\n\t<meta name=\"twitter:label2\" content=\"Gesch\u00e4tzte Lesezeit\" \/>\n\t<meta name=\"twitter:data2\" content=\"2\u00a0Minuten\" \/>\n<script type=\"application\/ld+json\" class=\"yoast-schema-graph\">{\"@context\":\"https:\\\/\\\/schema.org\",\"@graph\":[{\"@type\":\"Article\",\"@id\":\"https:\\\/\\\/unser-landvolk.de\\\/?p=374#article\",\"isPartOf\":{\"@id\":\"https:\\\/\\\/unser-landvolk.de\\\/?p=374\"},\"author\":{\"name\":\"kl\",\"@id\":\"https:\\\/\\\/unser-landvolk.de\\\/#\\\/schema\\\/person\\\/c0f08f15baa7e436242f280aa06f3c18\"},\"headline\":\"364 Tage Leidenschaft &#8211; Ein Tag im Leben eines Landwirts\",\"datePublished\":\"2021-04-13T11:28:17+00:00\",\"dateModified\":\"2021-05-05T09:42:52+00:00\",\"mainEntityOfPage\":{\"@id\":\"https:\\\/\\\/unser-landvolk.de\\\/?p=374\"},\"wordCount\":448,\"publisher\":{\"@id\":\"https:\\\/\\\/unser-landvolk.de\\\/#organization\"},\"image\":{\"@id\":\"https:\\\/\\\/unser-landvolk.de\\\/?p=374#primaryimage\"},\"thumbnailUrl\":\"https:\\\/\\\/unser-landvolk.de\\\/wp-content\\\/uploads\\\/2021\\\/04\\\/346tagespass-1-scaled.jpg\",\"articleSection\":[\"Archiv\"],\"inLanguage\":\"de\"},{\"@type\":\"WebPage\",\"@id\":\"https:\\\/\\\/unser-landvolk.de\\\/?p=374\",\"url\":\"https:\\\/\\\/unser-landvolk.de\\\/?p=374\",\"name\":\"364 Tage Leidenschaft - Ein Tag im Leben eines Landwirts - Unser Landvolk\",\"isPartOf\":{\"@id\":\"https:\\\/\\\/unser-landvolk.de\\\/#website\"},\"primaryImageOfPage\":{\"@id\":\"https:\\\/\\\/unser-landvolk.de\\\/?p=374#primaryimage\"},\"image\":{\"@id\":\"https:\\\/\\\/unser-landvolk.de\\\/?p=374#primaryimage\"},\"thumbnailUrl\":\"https:\\\/\\\/unser-landvolk.de\\\/wp-content\\\/uploads\\\/2021\\\/04\\\/346tagespass-1-scaled.jpg\",\"datePublished\":\"2021-04-13T11:28:17+00:00\",\"dateModified\":\"2021-05-05T09:42:52+00:00\",\"breadcrumb\":{\"@id\":\"https:\\\/\\\/unser-landvolk.de\\\/?p=374#breadcrumb\"},\"inLanguage\":\"de\",\"potentialAction\":[{\"@type\":\"ReadAction\",\"target\":[\"https:\\\/\\\/unser-landvolk.de\\\/?p=374\"]}]},{\"@type\":\"ImageObject\",\"inLanguage\":\"de\",\"@id\":\"https:\\\/\\\/unser-landvolk.de\\\/?p=374#primaryimage\",\"url\":\"https:\\\/\\\/unser-landvolk.de\\\/wp-content\\\/uploads\\\/2021\\\/04\\\/346tagespass-1-scaled.jpg\",\"contentUrl\":\"https:\\\/\\\/unser-landvolk.de\\\/wp-content\\\/uploads\\\/2021\\\/04\\\/346tagespass-1-scaled.jpg\",\"width\":2560,\"height\":1707},{\"@type\":\"BreadcrumbList\",\"@id\":\"https:\\\/\\\/unser-landvolk.de\\\/?p=374#breadcrumb\",\"itemListElement\":[{\"@type\":\"ListItem\",\"position\":1,\"name\":\"Startseite\",\"item\":\"https:\\\/\\\/unser-landvolk.de\\\/\"},{\"@type\":\"ListItem\",\"position\":2,\"name\":\"364 Tage Leidenschaft &#8211; Ein Tag im Leben eines Landwirts\"}]},{\"@type\":\"WebSite\",\"@id\":\"https:\\\/\\\/unser-landvolk.de\\\/#website\",\"url\":\"https:\\\/\\\/unser-landvolk.de\\\/\",\"name\":\"Unser Landvolk\",\"description\":\"Landwirtschaft in Schaumburg\",\"publisher\":{\"@id\":\"https:\\\/\\\/unser-landvolk.de\\\/#organization\"},\"potentialAction\":[{\"@type\":\"SearchAction\",\"target\":{\"@type\":\"EntryPoint\",\"urlTemplate\":\"https:\\\/\\\/unser-landvolk.de\\\/?s={search_term_string}\"},\"query-input\":{\"@type\":\"PropertyValueSpecification\",\"valueRequired\":true,\"valueName\":\"search_term_string\"}}],\"inLanguage\":\"de\"},{\"@type\":\"Organization\",\"@id\":\"https:\\\/\\\/unser-landvolk.de\\\/#organization\",\"name\":\"Unser Landvolk\",\"url\":\"https:\\\/\\\/unser-landvolk.de\\\/\",\"logo\":{\"@type\":\"ImageObject\",\"inLanguage\":\"de\",\"@id\":\"https:\\\/\\\/unser-landvolk.de\\\/#\\\/schema\\\/logo\\\/image\\\/\",\"url\":\"https:\\\/\\\/unser-landvolk.de\\\/wp-content\\\/uploads\\\/2021\\\/05\\\/cropped-header-650x150-1.jpg\",\"contentUrl\":\"https:\\\/\\\/unser-landvolk.de\\\/wp-content\\\/uploads\\\/2021\\\/05\\\/cropped-header-650x150-1.jpg\",\"width\":1355,\"height\":260,\"caption\":\"Unser Landvolk\"},\"image\":{\"@id\":\"https:\\\/\\\/unser-landvolk.de\\\/#\\\/schema\\\/logo\\\/image\\\/\"}},{\"@type\":\"Person\",\"@id\":\"https:\\\/\\\/unser-landvolk.de\\\/#\\\/schema\\\/person\\\/c0f08f15baa7e436242f280aa06f3c18\",\"name\":\"kl\",\"image\":{\"@type\":\"ImageObject\",\"inLanguage\":\"de\",\"@id\":\"https:\\\/\\\/secure.gravatar.com\\\/avatar\\\/95d9efd984da1aabcc8f4ab5e341dc7f5ccd9e4997044adf78d03744f8614cb8?s=96&d=blank&r=g\",\"url\":\"https:\\\/\\\/secure.gravatar.com\\\/avatar\\\/95d9efd984da1aabcc8f4ab5e341dc7f5ccd9e4997044adf78d03744f8614cb8?s=96&d=blank&r=g\",\"contentUrl\":\"https:\\\/\\\/secure.gravatar.com\\\/avatar\\\/95d9efd984da1aabcc8f4ab5e341dc7f5ccd9e4997044adf78d03744f8614cb8?s=96&d=blank&r=g\",\"caption\":\"kl\"},\"sameAs\":[\"http:\\\/\\\/unser-landvolk.de\"],\"url\":\"https:\\\/\\\/unser-landvolk.de\\\/?author=1\"}]}<\/script>\n<!-- \/ Yoast SEO plugin. -->","yoast_head_json":{"title":"364 Tage Leidenschaft - Ein Tag im Leben eines Landwirts - Unser Landvolk","robots":{"index":"index","follow":"follow","max-snippet":"max-snippet:-1","max-image-preview":"max-image-preview:large","max-video-preview":"max-video-preview:-1"},"canonical":"https:\/\/unser-landvolk.de\/?p=374","og_locale":"de_DE","og_type":"article","og_title":"364 Tage Leidenschaft - Ein Tag im Leben eines Landwirts - Unser Landvolk","og_description":"Noch lange bevor die Sonne aufgeht, ist Dirk Rodenbeck auf den Beinen. Einen letzten Schluck von seinem Kaffee und der 42-J\u00e4hrige macht sich um 6 Uhr morgens auf den Weg in den Stall, wo ihn seine Mastschweine mit Grunzen begr\u00fc\u00dfen.Rodenbeck verschafft sich einen kurzen \u00dcberblick \u00fcber seine Tiere und macht [&hellip;]","og_url":"https:\/\/unser-landvolk.de\/?p=374","og_site_name":"Unser Landvolk","article_published_time":"2021-04-13T11:28:17+00:00","article_modified_time":"2021-05-05T09:42:52+00:00","og_image":[{"width":2560,"height":1707,"url":"https:\/\/unser-landvolk.de\/wp-content\/uploads\/2021\/04\/346tagespass-1-scaled.jpg","type":"image\/jpeg"}],"author":"kl","twitter_card":"summary_large_image","twitter_misc":{"Verfasst von":"kl","Gesch\u00e4tzte Lesezeit":"2\u00a0Minuten"},"schema":{"@context":"https:\/\/schema.org","@graph":[{"@type":"Article","@id":"https:\/\/unser-landvolk.de\/?p=374#article","isPartOf":{"@id":"https:\/\/unser-landvolk.de\/?p=374"},"author":{"name":"kl","@id":"https:\/\/unser-landvolk.de\/#\/schema\/person\/c0f08f15baa7e436242f280aa06f3c18"},"headline":"364 Tage Leidenschaft &#8211; Ein Tag im Leben eines Landwirts","datePublished":"2021-04-13T11:28:17+00:00","dateModified":"2021-05-05T09:42:52+00:00","mainEntityOfPage":{"@id":"https:\/\/unser-landvolk.de\/?p=374"},"wordCount":448,"publisher":{"@id":"https:\/\/unser-landvolk.de\/#organization"},"image":{"@id":"https:\/\/unser-landvolk.de\/?p=374#primaryimage"},"thumbnailUrl":"https:\/\/unser-landvolk.de\/wp-content\/uploads\/2021\/04\/346tagespass-1-scaled.jpg","articleSection":["Archiv"],"inLanguage":"de"},{"@type":"WebPage","@id":"https:\/\/unser-landvolk.de\/?p=374","url":"https:\/\/unser-landvolk.de\/?p=374","name":"364 Tage Leidenschaft - Ein Tag im Leben eines Landwirts - Unser Landvolk","isPartOf":{"@id":"https:\/\/unser-landvolk.de\/#website"},"primaryImageOfPage":{"@id":"https:\/\/unser-landvolk.de\/?p=374#primaryimage"},"image":{"@id":"https:\/\/unser-landvolk.de\/?p=374#primaryimage"},"thumbnailUrl":"https:\/\/unser-landvolk.de\/wp-content\/uploads\/2021\/04\/346tagespass-1-scaled.jpg","datePublished":"2021-04-13T11:28:17+00:00","dateModified":"2021-05-05T09:42:52+00:00","breadcrumb":{"@id":"https:\/\/unser-landvolk.de\/?p=374#breadcrumb"},"inLanguage":"de","potentialAction":[{"@type":"ReadAction","target":["https:\/\/unser-landvolk.de\/?p=374"]}]},{"@type":"ImageObject","inLanguage":"de","@id":"https:\/\/unser-landvolk.de\/?p=374#primaryimage","url":"https:\/\/unser-landvolk.de\/wp-content\/uploads\/2021\/04\/346tagespass-1-scaled.jpg","contentUrl":"https:\/\/unser-landvolk.de\/wp-content\/uploads\/2021\/04\/346tagespass-1-scaled.jpg","width":2560,"height":1707},{"@type":"BreadcrumbList","@id":"https:\/\/unser-landvolk.de\/?p=374#breadcrumb","itemListElement":[{"@type":"ListItem","position":1,"name":"Startseite","item":"https:\/\/unser-landvolk.de\/"},{"@type":"ListItem","position":2,"name":"364 Tage Leidenschaft &#8211; Ein Tag im Leben eines Landwirts"}]},{"@type":"WebSite","@id":"https:\/\/unser-landvolk.de\/#website","url":"https:\/\/unser-landvolk.de\/","name":"Unser Landvolk","description":"Landwirtschaft in Schaumburg","publisher":{"@id":"https:\/\/unser-landvolk.de\/#organization"},"potentialAction":[{"@type":"SearchAction","target":{"@type":"EntryPoint","urlTemplate":"https:\/\/unser-landvolk.de\/?s={search_term_string}"},"query-input":{"@type":"PropertyValueSpecification","valueRequired":true,"valueName":"search_term_string"}}],"inLanguage":"de"},{"@type":"Organization","@id":"https:\/\/unser-landvolk.de\/#organization","name":"Unser Landvolk","url":"https:\/\/unser-landvolk.de\/","logo":{"@type":"ImageObject","inLanguage":"de","@id":"https:\/\/unser-landvolk.de\/#\/schema\/logo\/image\/","url":"https:\/\/unser-landvolk.de\/wp-content\/uploads\/2021\/05\/cropped-header-650x150-1.jpg","contentUrl":"https:\/\/unser-landvolk.de\/wp-content\/uploads\/2021\/05\/cropped-header-650x150-1.jpg","width":1355,"height":260,"caption":"Unser Landvolk"},"image":{"@id":"https:\/\/unser-landvolk.de\/#\/schema\/logo\/image\/"}},{"@type":"Person","@id":"https:\/\/unser-landvolk.de\/#\/schema\/person\/c0f08f15baa7e436242f280aa06f3c18","name":"kl","image":{"@type":"ImageObject","inLanguage":"de","@id":"https:\/\/secure.gravatar.com\/avatar\/95d9efd984da1aabcc8f4ab5e341dc7f5ccd9e4997044adf78d03744f8614cb8?s=96&d=blank&r=g","url":"https:\/\/secure.gravatar.com\/avatar\/95d9efd984da1aabcc8f4ab5e341dc7f5ccd9e4997044adf78d03744f8614cb8?s=96&d=blank&r=g","contentUrl":"https:\/\/secure.gravatar.com\/avatar\/95d9efd984da1aabcc8f4ab5e341dc7f5ccd9e4997044adf78d03744f8614cb8?s=96&d=blank&r=g","caption":"kl"},"sameAs":["http:\/\/unser-landvolk.de"],"url":"https:\/\/unser-landvolk.de\/?author=1"}]}},"jetpack_featured_media_url":"https:\/\/unser-landvolk.de\/wp-content\/uploads\/2021\/04\/346tagespass-1-scaled.jpg","_links":{"self":[{"href":"https:\/\/unser-landvolk.de\/index.php?rest_route=\/wp\/v2\/posts\/374","targetHints":{"allow":["GET"]}}],"collection":[{"href":"https:\/\/unser-landvolk.de\/index.php?rest_route=\/wp\/v2\/posts"}],"about":[{"href":"https:\/\/unser-landvolk.de\/index.php?rest_route=\/wp\/v2\/types\/post"}],"author":[{"embeddable":true,"href":"https:\/\/unser-landvolk.de\/index.php?rest_route=\/wp\/v2\/users\/1"}],"replies":[{"embeddable":true,"href":"https:\/\/unser-landvolk.de\/index.php?rest_route=%2Fwp%2Fv2%2Fcomments&post=374"}],"version-history":[{"count":1,"href":"https:\/\/unser-landvolk.de\/index.php?rest_route=\/wp\/v2\/posts\/374\/revisions"}],"predecessor-version":[{"id":376,"href":"https:\/\/unser-landvolk.de\/index.php?rest_route=\/wp\/v2\/posts\/374\/revisions\/376"}],"wp:featuredmedia":[{"embeddable":true,"href":"https:\/\/unser-landvolk.de\/index.php?rest_route=\/wp\/v2\/media\/423"}],"wp:attachment":[{"href":"https:\/\/unser-landvolk.de\/index.php?rest_route=%2Fwp%2Fv2%2Fmedia&parent=374"}],"wp:term":[{"taxonomy":"category","embeddable":true,"href":"https:\/\/unser-landvolk.de\/index.php?rest_route=%2Fwp%2Fv2%2Fcategories&post=374"},{"taxonomy":"post_tag","embeddable":true,"href":"https:\/\/unser-landvolk.de\/index.php?rest_route=%2Fwp%2Fv2%2Ftags&post=374"}],"curies":[{"name":"wp","href":"https:\/\/api.w.org\/{rel}","templated":true}]}}