{"id":329,"date":"2021-04-06T11:39:52","date_gmt":"2021-04-06T09:39:52","guid":{"rendered":"http:\/\/unser-landvolk.de\/?p=329"},"modified":"2021-05-04T13:49:57","modified_gmt":"2021-05-04T11:49:57","slug":"obsthof-wedeking","status":"publish","type":"post","link":"https:\/\/unser-landvolk.de\/?p=329","title":{"rendered":"Obsthof Wedeking"},"content":{"rendered":"\n<p><strong>In unserem Hofladen findet Ihr neben frischem Obst und hausgemachten Spezialti\u00e4ten auch jede Menge Geschenkideen von ausgesuchten Bauernh\u00f6fen und Manufakturen: Gurkenhof Austermann aus Warendorf, Holunderhof Fibbe aus Freren, Waldimkerei Giehl, \u00d6lm\u00fchle Solling, Tr\u00fcffelmanufaktur Lanwehr, \u2026<\/strong><\/p>\n\n\n\n<figure class=\"wp-block-image size-large is-style-default\"><img loading=\"lazy\" decoding=\"async\" width=\"1600\" height=\"800\" src=\"http:\/\/unser-landvolk.de\/wp-content\/uploads\/2021\/04\/hofladen_shop_apfel_obstbauer_wedeking_02-2.jpg\" alt=\"\" class=\"wp-image-331\"\/><\/figure>\n\n\n\n<p><strong>Blaubeeren Vielerlei<br><\/strong>Blaubeersenf ist eine tolle Spezialit\u00e4t zu Mettwurst oder K\u00e4se! Wir kochen unsere Senfe selber und immer frisch. Dazu eine Blaubeermettwurst, Austermanns Gurken, selbstgebackenes Brot \u2026 lecker!<br>Auch schon probiert: Blaubeermarmelade, Blaubeercr\u00e9ma oder Blaubeertr\u00fcffel?<br>Die Sorten unterscheiden sich nur geringf\u00fcgig in Geschmack und Gr\u00f6\u00dfe, aber deutlich in der Reifezeit. In dieser Reihefolge reifen unsere Blaubeersorten: Deniseblue, Reka, Duke, Bluecrop, Nelson, Elisabeth.<\/p>\n\n\n\n<figure class=\"wp-block-image size-large is-style-default\"><img loading=\"lazy\" decoding=\"async\" width=\"1600\" height=\"800\" src=\"http:\/\/unser-landvolk.de\/wp-content\/uploads\/2021\/04\/owlf_0001240.jpg\" alt=\"\" class=\"wp-image-332\"\/><\/figure>\n\n\n\n<p><strong>Erdbeer Sorten<br><\/strong>Als Erdbeeranbauer brauchen wir starke, robuste, wenig pilzanf\u00e4llige Pflanzen, die au\u00dferdem ertragreich sind. Die Fr\u00fcchte sollen nach Erdbeeren schmecken, aromatisch und s\u00fc\u00df sein au\u00dferdem fest, rot und gl\u00e4nzend, damit sie lagerf\u00e4hig sind. Leider gibt es keine Sorte, die allen Anspr\u00fcchen gerecht wird. Wir w\u00e4hlen unsere Sorten in erster Linie nach dem Geschmack aus, was zur Folge hat, dass die Fr\u00fcchte dann weicher und nicht lagerf\u00e4hig sind. Unsere Empfehlung lautet daher: die Fr\u00fcchte morgens kaufen und m\u00f6glichst zeitnah essen, verarbeiten oder kaltstellen.<\/p>\n\n\n\n<p><strong>Anbau Kirschen<br><\/strong>Anbautechnische Besonderheit ist der typische Sommerschnitt der B\u00e4ume nach der Ernte, dann n\u00e4mlich trocknet das austretende Harz die Schnittfl\u00e4chen gut ab.<br>Die Pflanzenschutzma\u00dfnahmen mit Fungiziden und Herbiziden sind sehr extensiv, d.h. \u00e4u\u00dferst gering. Das wirklich gr\u00f6\u00dfte Problem \u2013 und das kennen wir alle \u2013 ist die Kirschfruchtfliege, die zu ekeligen Maden in den Fr\u00fcchten f\u00fchrt.<br>Seit 2016 ist der gr\u00f6\u00dfte Teil unserer Kirschen mit einem \u00bbDach\u00ab \u00fcberspannt. Das Netz und die Bespannung halten Ungeziefer ab. Das Wichigste aber: Unsere Kirschen k\u00f6nnen bei Regen in der Ernte nicht mehr platzen! Nach der Ernte wird das Dach abgenommen, nur das Ger\u00fcst bleibt stehen.<\/p>\n\n\n\n<p><strong>Apfelanbau<\/strong><br>Pfl\u00fcckreif ist ein Apfel bereits, wenn sich der Stiel einer voll entwickelten Frucht gut von seiner Ansatzstelle l\u00f6st.<br>Genussreif sind \u00c4pfel in den meisten F\u00e4llen jedoch erst Tage oder Wochen nach dem Pfl\u00fccken, da sie nach der Ernte noch eine gewisse Zeit der Nachreife ben\u00f6tigen, bevor sie ihr volles, sortentypisches Aroma entwickeln.<\/p>\n\n\n\n<figure class=\"wp-block-image size-large is-style-default\"><img loading=\"lazy\" decoding=\"async\" width=\"1600\" height=\"800\" src=\"http:\/\/unser-landvolk.de\/wp-content\/uploads\/2021\/04\/owlf-1001252.jpg\" alt=\"\" class=\"wp-image-333\"\/><\/figure>\n\n\n\n<p><strong>Hausgemachtes<br><\/strong>Marmelade \u2013 selbstgekocht mit unseren Fr\u00fcchten, manchmal raffiniert verfeinert mit Prosecco oder Limette. Senf, Blaubeerwurst, Essig, \u00d6le,<\/p>\n\n\n\n<p><strong>Br\u00e4nde &amp; Lik\u00f6re<br><\/strong>Wir bieten BlaubeerGrappa und ErdbeerGrappa an. Da sind wir wohl die einzigen, die von diesen<br>Fr\u00fcchten sortenreine B\u00e4nde anbieten. Wir haben von diesen hochwertigen Fr\u00fcchten keine Geiste, sondern echte Br\u00e4nde von der vielpr\u00e4mierten Lister Destille brennen lassen.<br><br><strong>Der HofLaden hat ge\u00f6ffnet!<br><\/strong>\u00d6ffnungszeiten im Hofladen:<br>Dienstag bis Freitag: 9.00 bis 18.00 Uhr, Samstag 9.00 bis 13.00 Uhr<br>Montags ist Ruhetag.<\/p>\n\n\n\n<p><strong>Obstbauer Wedeking<br><\/strong>Vornhagen 8 . 31702 L\u00fcdersfeld<br>Telefon: 0 57 21\/ 98 05 169<\/p>\n","protected":false},"excerpt":{"rendered":"<p>In unserem Hofladen findet Ihr neben frischem Obst und hausgemachten Spezialti\u00e4ten auch jede Menge Geschenkideen von ausgesuchten Bauernh\u00f6fen und Manufakturen: Gurkenhof Austermann aus Warendorf, Holunderhof Fibbe aus Freren, Waldimkerei Giehl, \u00d6lm\u00fchle Solling, Tr\u00fcffelmanufaktur Lanwehr, \u2026 Blaubeeren VielerleiBlaubeersenf ist eine tolle Spezialit\u00e4t zu Mettwurst oder K\u00e4se! Wir kochen unsere Senfe selber [&hellip;]<\/p>\n","protected":false},"author":1,"featured_media":402,"comment_status":"closed","ping_status":"open","sticky":false,"template":"","format":"standard","meta":{"_monsterinsights_skip_tracking":false,"_monsterinsights_sitenote_active":false,"_monsterinsights_sitenote_note":"","_monsterinsights_sitenote_category":0,"spay_email":"","footnotes":""},"categories":[11],"tags":[],"class_list":["post-329","post","type-post","status-publish","format-standard","has-post-thumbnail","hentry","category-hoflaeden"],"yoast_head":"<!-- This site is optimized with the Yoast SEO plugin v27.4 - https:\/\/yoast.com\/product\/yoast-seo-wordpress\/ -->\n<title>Obsthof Wedeking - Unser Landvolk<\/title>\n<meta name=\"robots\" content=\"index, follow, max-snippet:-1, max-image-preview:large, max-video-preview:-1\" \/>\n<link rel=\"canonical\" href=\"https:\/\/unser-landvolk.de\/?p=329\" \/>\n<meta property=\"og:locale\" content=\"de_DE\" \/>\n<meta property=\"og:type\" content=\"article\" \/>\n<meta property=\"og:title\" content=\"Obsthof Wedeking - Unser Landvolk\" \/>\n<meta property=\"og:description\" content=\"In unserem Hofladen findet Ihr neben frischem Obst und hausgemachten Spezialti\u00e4ten auch jede Menge Geschenkideen von ausgesuchten Bauernh\u00f6fen und Manufakturen: Gurkenhof Austermann aus Warendorf, Holunderhof Fibbe aus Freren, Waldimkerei Giehl, \u00d6lm\u00fchle Solling, Tr\u00fcffelmanufaktur Lanwehr, \u2026 Blaubeeren VielerleiBlaubeersenf ist eine tolle Spezialit\u00e4t zu Mettwurst oder K\u00e4se! Wir kochen unsere Senfe selber [&hellip;]\" \/>\n<meta property=\"og:url\" content=\"https:\/\/unser-landvolk.de\/?p=329\" \/>\n<meta property=\"og:site_name\" content=\"Unser Landvolk\" \/>\n<meta property=\"article:published_time\" content=\"2021-04-06T09:39:52+00:00\" \/>\n<meta property=\"article:modified_time\" content=\"2021-05-04T11:49:57+00:00\" \/>\n<meta property=\"og:image\" content=\"https:\/\/unser-landvolk.de\/wp-content\/uploads\/2021\/04\/wedeking-title-1.jpg\" \/>\n\t<meta property=\"og:image:width\" content=\"695\" \/>\n\t<meta property=\"og:image:height\" content=\"556\" \/>\n\t<meta property=\"og:image:type\" content=\"image\/jpeg\" \/>\n<meta name=\"author\" content=\"kl\" \/>\n<meta name=\"twitter:card\" content=\"summary_large_image\" \/>\n<meta name=\"twitter:label1\" content=\"Verfasst von\" \/>\n\t<meta name=\"twitter:data1\" content=\"kl\" \/>\n\t<meta name=\"twitter:label2\" content=\"Gesch\u00e4tzte Lesezeit\" \/>\n\t<meta name=\"twitter:data2\" content=\"2\u00a0Minuten\" \/>\n<script type=\"application\/ld+json\" class=\"yoast-schema-graph\">{\"@context\":\"https:\\\/\\\/schema.org\",\"@graph\":[{\"@type\":\"Article\",\"@id\":\"https:\\\/\\\/unser-landvolk.de\\\/?p=329#article\",\"isPartOf\":{\"@id\":\"https:\\\/\\\/unser-landvolk.de\\\/?p=329\"},\"author\":{\"name\":\"kl\",\"@id\":\"https:\\\/\\\/unser-landvolk.de\\\/#\\\/schema\\\/person\\\/c0f08f15baa7e436242f280aa06f3c18\"},\"headline\":\"Obsthof Wedeking\",\"datePublished\":\"2021-04-06T09:39:52+00:00\",\"dateModified\":\"2021-05-04T11:49:57+00:00\",\"mainEntityOfPage\":{\"@id\":\"https:\\\/\\\/unser-landvolk.de\\\/?p=329\"},\"wordCount\":459,\"publisher\":{\"@id\":\"https:\\\/\\\/unser-landvolk.de\\\/#organization\"},\"image\":{\"@id\":\"https:\\\/\\\/unser-landvolk.de\\\/?p=329#primaryimage\"},\"thumbnailUrl\":\"https:\\\/\\\/unser-landvolk.de\\\/wp-content\\\/uploads\\\/2021\\\/04\\\/wedeking-title-1.jpg\",\"articleSection\":[\"Hofl\u00e4den\"],\"inLanguage\":\"de\"},{\"@type\":\"WebPage\",\"@id\":\"https:\\\/\\\/unser-landvolk.de\\\/?p=329\",\"url\":\"https:\\\/\\\/unser-landvolk.de\\\/?p=329\",\"name\":\"Obsthof Wedeking - Unser Landvolk\",\"isPartOf\":{\"@id\":\"https:\\\/\\\/unser-landvolk.de\\\/#website\"},\"primaryImageOfPage\":{\"@id\":\"https:\\\/\\\/unser-landvolk.de\\\/?p=329#primaryimage\"},\"image\":{\"@id\":\"https:\\\/\\\/unser-landvolk.de\\\/?p=329#primaryimage\"},\"thumbnailUrl\":\"https:\\\/\\\/unser-landvolk.de\\\/wp-content\\\/uploads\\\/2021\\\/04\\\/wedeking-title-1.jpg\",\"datePublished\":\"2021-04-06T09:39:52+00:00\",\"dateModified\":\"2021-05-04T11:49:57+00:00\",\"breadcrumb\":{\"@id\":\"https:\\\/\\\/unser-landvolk.de\\\/?p=329#breadcrumb\"},\"inLanguage\":\"de\",\"potentialAction\":[{\"@type\":\"ReadAction\",\"target\":[\"https:\\\/\\\/unser-landvolk.de\\\/?p=329\"]}]},{\"@type\":\"ImageObject\",\"inLanguage\":\"de\",\"@id\":\"https:\\\/\\\/unser-landvolk.de\\\/?p=329#primaryimage\",\"url\":\"https:\\\/\\\/unser-landvolk.de\\\/wp-content\\\/uploads\\\/2021\\\/04\\\/wedeking-title-1.jpg\",\"contentUrl\":\"https:\\\/\\\/unser-landvolk.de\\\/wp-content\\\/uploads\\\/2021\\\/04\\\/wedeking-title-1.jpg\",\"width\":695,\"height\":556},{\"@type\":\"BreadcrumbList\",\"@id\":\"https:\\\/\\\/unser-landvolk.de\\\/?p=329#breadcrumb\",\"itemListElement\":[{\"@type\":\"ListItem\",\"position\":1,\"name\":\"Startseite\",\"item\":\"https:\\\/\\\/unser-landvolk.de\\\/\"},{\"@type\":\"ListItem\",\"position\":2,\"name\":\"Obsthof Wedeking\"}]},{\"@type\":\"WebSite\",\"@id\":\"https:\\\/\\\/unser-landvolk.de\\\/#website\",\"url\":\"https:\\\/\\\/unser-landvolk.de\\\/\",\"name\":\"Unser Landvolk\",\"description\":\"Landwirtschaft in Schaumburg\",\"publisher\":{\"@id\":\"https:\\\/\\\/unser-landvolk.de\\\/#organization\"},\"potentialAction\":[{\"@type\":\"SearchAction\",\"target\":{\"@type\":\"EntryPoint\",\"urlTemplate\":\"https:\\\/\\\/unser-landvolk.de\\\/?s={search_term_string}\"},\"query-input\":{\"@type\":\"PropertyValueSpecification\",\"valueRequired\":true,\"valueName\":\"search_term_string\"}}],\"inLanguage\":\"de\"},{\"@type\":\"Organization\",\"@id\":\"https:\\\/\\\/unser-landvolk.de\\\/#organization\",\"name\":\"Unser Landvolk\",\"url\":\"https:\\\/\\\/unser-landvolk.de\\\/\",\"logo\":{\"@type\":\"ImageObject\",\"inLanguage\":\"de\",\"@id\":\"https:\\\/\\\/unser-landvolk.de\\\/#\\\/schema\\\/logo\\\/image\\\/\",\"url\":\"https:\\\/\\\/unser-landvolk.de\\\/wp-content\\\/uploads\\\/2021\\\/05\\\/cropped-header-650x150-1.jpg\",\"contentUrl\":\"https:\\\/\\\/unser-landvolk.de\\\/wp-content\\\/uploads\\\/2021\\\/05\\\/cropped-header-650x150-1.jpg\",\"width\":1355,\"height\":260,\"caption\":\"Unser Landvolk\"},\"image\":{\"@id\":\"https:\\\/\\\/unser-landvolk.de\\\/#\\\/schema\\\/logo\\\/image\\\/\"}},{\"@type\":\"Person\",\"@id\":\"https:\\\/\\\/unser-landvolk.de\\\/#\\\/schema\\\/person\\\/c0f08f15baa7e436242f280aa06f3c18\",\"name\":\"kl\",\"image\":{\"@type\":\"ImageObject\",\"inLanguage\":\"de\",\"@id\":\"https:\\\/\\\/secure.gravatar.com\\\/avatar\\\/95d9efd984da1aabcc8f4ab5e341dc7f5ccd9e4997044adf78d03744f8614cb8?s=96&d=blank&r=g\",\"url\":\"https:\\\/\\\/secure.gravatar.com\\\/avatar\\\/95d9efd984da1aabcc8f4ab5e341dc7f5ccd9e4997044adf78d03744f8614cb8?s=96&d=blank&r=g\",\"contentUrl\":\"https:\\\/\\\/secure.gravatar.com\\\/avatar\\\/95d9efd984da1aabcc8f4ab5e341dc7f5ccd9e4997044adf78d03744f8614cb8?s=96&d=blank&r=g\",\"caption\":\"kl\"},\"sameAs\":[\"http:\\\/\\\/unser-landvolk.de\"],\"url\":\"https:\\\/\\\/unser-landvolk.de\\\/?author=1\"}]}<\/script>\n<!-- \/ Yoast SEO plugin. -->","yoast_head_json":{"title":"Obsthof Wedeking - Unser Landvolk","robots":{"index":"index","follow":"follow","max-snippet":"max-snippet:-1","max-image-preview":"max-image-preview:large","max-video-preview":"max-video-preview:-1"},"canonical":"https:\/\/unser-landvolk.de\/?p=329","og_locale":"de_DE","og_type":"article","og_title":"Obsthof Wedeking - Unser Landvolk","og_description":"In unserem Hofladen findet Ihr neben frischem Obst und hausgemachten Spezialti\u00e4ten auch jede Menge Geschenkideen von ausgesuchten Bauernh\u00f6fen und Manufakturen: Gurkenhof Austermann aus Warendorf, Holunderhof Fibbe aus Freren, Waldimkerei Giehl, \u00d6lm\u00fchle Solling, Tr\u00fcffelmanufaktur Lanwehr, \u2026 Blaubeeren VielerleiBlaubeersenf ist eine tolle Spezialit\u00e4t zu Mettwurst oder K\u00e4se! Wir kochen unsere Senfe selber [&hellip;]","og_url":"https:\/\/unser-landvolk.de\/?p=329","og_site_name":"Unser Landvolk","article_published_time":"2021-04-06T09:39:52+00:00","article_modified_time":"2021-05-04T11:49:57+00:00","og_image":[{"width":695,"height":556,"url":"https:\/\/unser-landvolk.de\/wp-content\/uploads\/2021\/04\/wedeking-title-1.jpg","type":"image\/jpeg"}],"author":"kl","twitter_card":"summary_large_image","twitter_misc":{"Verfasst von":"kl","Gesch\u00e4tzte Lesezeit":"2\u00a0Minuten"},"schema":{"@context":"https:\/\/schema.org","@graph":[{"@type":"Article","@id":"https:\/\/unser-landvolk.de\/?p=329#article","isPartOf":{"@id":"https:\/\/unser-landvolk.de\/?p=329"},"author":{"name":"kl","@id":"https:\/\/unser-landvolk.de\/#\/schema\/person\/c0f08f15baa7e436242f280aa06f3c18"},"headline":"Obsthof Wedeking","datePublished":"2021-04-06T09:39:52+00:00","dateModified":"2021-05-04T11:49:57+00:00","mainEntityOfPage":{"@id":"https:\/\/unser-landvolk.de\/?p=329"},"wordCount":459,"publisher":{"@id":"https:\/\/unser-landvolk.de\/#organization"},"image":{"@id":"https:\/\/unser-landvolk.de\/?p=329#primaryimage"},"thumbnailUrl":"https:\/\/unser-landvolk.de\/wp-content\/uploads\/2021\/04\/wedeking-title-1.jpg","articleSection":["Hofl\u00e4den"],"inLanguage":"de"},{"@type":"WebPage","@id":"https:\/\/unser-landvolk.de\/?p=329","url":"https:\/\/unser-landvolk.de\/?p=329","name":"Obsthof Wedeking - Unser Landvolk","isPartOf":{"@id":"https:\/\/unser-landvolk.de\/#website"},"primaryImageOfPage":{"@id":"https:\/\/unser-landvolk.de\/?p=329#primaryimage"},"image":{"@id":"https:\/\/unser-landvolk.de\/?p=329#primaryimage"},"thumbnailUrl":"https:\/\/unser-landvolk.de\/wp-content\/uploads\/2021\/04\/wedeking-title-1.jpg","datePublished":"2021-04-06T09:39:52+00:00","dateModified":"2021-05-04T11:49:57+00:00","breadcrumb":{"@id":"https:\/\/unser-landvolk.de\/?p=329#breadcrumb"},"inLanguage":"de","potentialAction":[{"@type":"ReadAction","target":["https:\/\/unser-landvolk.de\/?p=329"]}]},{"@type":"ImageObject","inLanguage":"de","@id":"https:\/\/unser-landvolk.de\/?p=329#primaryimage","url":"https:\/\/unser-landvolk.de\/wp-content\/uploads\/2021\/04\/wedeking-title-1.jpg","contentUrl":"https:\/\/unser-landvolk.de\/wp-content\/uploads\/2021\/04\/wedeking-title-1.jpg","width":695,"height":556},{"@type":"BreadcrumbList","@id":"https:\/\/unser-landvolk.de\/?p=329#breadcrumb","itemListElement":[{"@type":"ListItem","position":1,"name":"Startseite","item":"https:\/\/unser-landvolk.de\/"},{"@type":"ListItem","position":2,"name":"Obsthof Wedeking"}]},{"@type":"WebSite","@id":"https:\/\/unser-landvolk.de\/#website","url":"https:\/\/unser-landvolk.de\/","name":"Unser Landvolk","description":"Landwirtschaft in Schaumburg","publisher":{"@id":"https:\/\/unser-landvolk.de\/#organization"},"potentialAction":[{"@type":"SearchAction","target":{"@type":"EntryPoint","urlTemplate":"https:\/\/unser-landvolk.de\/?s={search_term_string}"},"query-input":{"@type":"PropertyValueSpecification","valueRequired":true,"valueName":"search_term_string"}}],"inLanguage":"de"},{"@type":"Organization","@id":"https:\/\/unser-landvolk.de\/#organization","name":"Unser Landvolk","url":"https:\/\/unser-landvolk.de\/","logo":{"@type":"ImageObject","inLanguage":"de","@id":"https:\/\/unser-landvolk.de\/#\/schema\/logo\/image\/","url":"https:\/\/unser-landvolk.de\/wp-content\/uploads\/2021\/05\/cropped-header-650x150-1.jpg","contentUrl":"https:\/\/unser-landvolk.de\/wp-content\/uploads\/2021\/05\/cropped-header-650x150-1.jpg","width":1355,"height":260,"caption":"Unser Landvolk"},"image":{"@id":"https:\/\/unser-landvolk.de\/#\/schema\/logo\/image\/"}},{"@type":"Person","@id":"https:\/\/unser-landvolk.de\/#\/schema\/person\/c0f08f15baa7e436242f280aa06f3c18","name":"kl","image":{"@type":"ImageObject","inLanguage":"de","@id":"https:\/\/secure.gravatar.com\/avatar\/95d9efd984da1aabcc8f4ab5e341dc7f5ccd9e4997044adf78d03744f8614cb8?s=96&d=blank&r=g","url":"https:\/\/secure.gravatar.com\/avatar\/95d9efd984da1aabcc8f4ab5e341dc7f5ccd9e4997044adf78d03744f8614cb8?s=96&d=blank&r=g","contentUrl":"https:\/\/secure.gravatar.com\/avatar\/95d9efd984da1aabcc8f4ab5e341dc7f5ccd9e4997044adf78d03744f8614cb8?s=96&d=blank&r=g","caption":"kl"},"sameAs":["http:\/\/unser-landvolk.de"],"url":"https:\/\/unser-landvolk.de\/?author=1"}]}},"jetpack_featured_media_url":"https:\/\/unser-landvolk.de\/wp-content\/uploads\/2021\/04\/wedeking-title-1.jpg","_links":{"self":[{"href":"https:\/\/unser-landvolk.de\/index.php?rest_route=\/wp\/v2\/posts\/329","targetHints":{"allow":["GET"]}}],"collection":[{"href":"https:\/\/unser-landvolk.de\/index.php?rest_route=\/wp\/v2\/posts"}],"about":[{"href":"https:\/\/unser-landvolk.de\/index.php?rest_route=\/wp\/v2\/types\/post"}],"author":[{"embeddable":true,"href":"https:\/\/unser-landvolk.de\/index.php?rest_route=\/wp\/v2\/users\/1"}],"replies":[{"embeddable":true,"href":"https:\/\/unser-landvolk.de\/index.php?rest_route=%2Fwp%2Fv2%2Fcomments&post=329"}],"version-history":[{"count":2,"href":"https:\/\/unser-landvolk.de\/index.php?rest_route=\/wp\/v2\/posts\/329\/revisions"}],"predecessor-version":[{"id":336,"href":"https:\/\/unser-landvolk.de\/index.php?rest_route=\/wp\/v2\/posts\/329\/revisions\/336"}],"wp:featuredmedia":[{"embeddable":true,"href":"https:\/\/unser-landvolk.de\/index.php?rest_route=\/wp\/v2\/media\/402"}],"wp:attachment":[{"href":"https:\/\/unser-landvolk.de\/index.php?rest_route=%2Fwp%2Fv2%2Fmedia&parent=329"}],"wp:term":[{"taxonomy":"category","embeddable":true,"href":"https:\/\/unser-landvolk.de\/index.php?rest_route=%2Fwp%2Fv2%2Fcategories&post=329"},{"taxonomy":"post_tag","embeddable":true,"href":"https:\/\/unser-landvolk.de\/index.php?rest_route=%2Fwp%2Fv2%2Ftags&post=329"}],"curies":[{"name":"wp","href":"https:\/\/api.w.org\/{rel}","templated":true}]}}