{"id":293,"date":"2021-04-01T14:22:56","date_gmt":"2021-04-01T12:22:56","guid":{"rendered":"http:\/\/unser-landvolk.de\/?p=293"},"modified":"2021-05-04T14:36:46","modified_gmt":"2021-05-04T12:36:46","slug":"miras-kleiner-hofladen","status":"publish","type":"post","link":"https:\/\/unser-landvolk.de\/?p=293","title":{"rendered":"Mira&#8217;s kleiner HOFLaden"},"content":{"rendered":"\n<h2 class=\"has-normal-font-size wp-block-heading\">Als Inhaberin freue ich mich \u00fcber pers\u00f6nliche Kundenkontakte. Ich habe immer ein offenes Ohr f\u00fcr W\u00fcnsche und Anregungen unserer Kunden. Gerne m\u00f6chte ich das Warensortiment so gestalten, dass Ihr Eure Lieblingsprodukte bei uns im Laden findet oder wir sie f\u00fcr Euch bestellen k\u00f6nnen. Kundenzufriedenheit und Service stehen an oberster Stelle. Als Eink\u00e4uferin f\u00fcr den Hofladen stehen Qualit\u00e4t und Kundenbed\u00fcrfnisse f\u00fcr mich im Vordergrund.<br><br>Bequem nach Hause oder ins B\u00fcro liefern lassen<\/h2>\n\n\n\n<figure class=\"wp-block-embed is-type-video is-provider-youtube wp-block-embed-youtube wp-embed-aspect-16-9 wp-has-aspect-ratio\"><div class=\"wp-block-embed__wrapper\">\n<iframe loading=\"lazy\" title=\"Bio-Lebensmittel nach Hause bestellen - Mira\u00b4s kleiner Hofladen in Hohnhorst\" width=\"800\" height=\"450\" src=\"https:\/\/www.youtube.com\/embed\/6qph-Oi_od8?feature=oembed\" frameborder=\"0\" allow=\"accelerometer; autoplay; clipboard-write; encrypted-media; gyroscope; picture-in-picture\" allowfullscreen><\/iframe>\n<\/div><\/figure>\n\n\n\n<p><\/p>\n\n\n\n<p>Keine Zeit f\u00fcr frisches Obst und Gem\u00fcse? Nie Zeit zum Einkaufen? Kein BIO-Hofladen in Deiner N\u00e4he? Das muss nicht sein\u2026<br>Wir machen es Dir leicht und bieten Dir die Lieferung unserer beliebten BIO-KISTE f\u00fcr Dein Zuhause oder ins B\u00fcro. Obst, Gem\u00fcse, Eier, Frischmilch, K\u00e4se, Brotaufstriche, Konserven, Trockenprodukte &#8211; alles kann in Deine BIO-Kiste.<\/p>\n\n\n\n<p>Hauptstra\u00dfe 25<br>31559 Hohnhorst<br><br>\u00d6ffnungszeiten:<br>Montag: Ruhetag<br>Dienstag, Donnerstag und Freitag:<br>09.30 &#8211; 13.00 Uhr, 15.00 &#8211; 18.00 Uhr<br>Mittwoch und Samstag<br>09.30 &#8211; 13.<\/p>\n","protected":false},"excerpt":{"rendered":"<p>Als Inhaberin freue ich mich \u00fcber pers\u00f6nliche Kundenkontakte. Ich habe immer ein offenes Ohr f\u00fcr W\u00fcnsche und Anregungen unserer Kunden. Gerne m\u00f6chte ich das Warensortiment so gestalten, dass Ihr Eure Lieblingsprodukte bei uns im Laden findet oder wir sie f\u00fcr Euch bestellen k\u00f6nnen. Kundenzufriedenheit und Service stehen an oberster Stelle. [&hellip;]<\/p>\n","protected":false},"author":1,"featured_media":407,"comment_status":"closed","ping_status":"open","sticky":false,"template":"","format":"standard","meta":{"_monsterinsights_skip_tracking":false,"_monsterinsights_sitenote_active":false,"_monsterinsights_sitenote_note":"","_monsterinsights_sitenote_category":0,"spay_email":"","footnotes":""},"categories":[13,11],"tags":[],"class_list":["post-293","post","type-post","status-publish","format-standard","has-post-thumbnail","hentry","category-bringdienste","category-hoflaeden"],"yoast_head":"<!-- This site is optimized with the Yoast SEO plugin v27.4 - https:\/\/yoast.com\/product\/yoast-seo-wordpress\/ -->\n<title>Mira&#039;s kleiner HOFLaden - Unser Landvolk<\/title>\n<meta name=\"robots\" content=\"index, follow, max-snippet:-1, max-image-preview:large, max-video-preview:-1\" \/>\n<link rel=\"canonical\" href=\"https:\/\/unser-landvolk.de\/?p=293\" \/>\n<meta property=\"og:locale\" content=\"de_DE\" \/>\n<meta property=\"og:type\" content=\"article\" \/>\n<meta property=\"og:title\" content=\"Mira&#039;s kleiner HOFLaden - Unser Landvolk\" \/>\n<meta property=\"og:description\" content=\"Als Inhaberin freue ich mich \u00fcber pers\u00f6nliche Kundenkontakte. Ich habe immer ein offenes Ohr f\u00fcr W\u00fcnsche und Anregungen unserer Kunden. Gerne m\u00f6chte ich das Warensortiment so gestalten, dass Ihr Eure Lieblingsprodukte bei uns im Laden findet oder wir sie f\u00fcr Euch bestellen k\u00f6nnen. Kundenzufriedenheit und Service stehen an oberster Stelle. [&hellip;]\" \/>\n<meta property=\"og:url\" content=\"https:\/\/unser-landvolk.de\/?p=293\" \/>\n<meta property=\"og:site_name\" content=\"Unser Landvolk\" \/>\n<meta property=\"article:published_time\" content=\"2021-04-01T12:22:56+00:00\" \/>\n<meta property=\"article:modified_time\" content=\"2021-05-04T12:36:46+00:00\" \/>\n<meta property=\"og:image\" content=\"https:\/\/unser-landvolk.de\/wp-content\/uploads\/2021\/04\/miras-hofladen-3.jpg\" \/>\n\t<meta property=\"og:image:width\" content=\"380\" \/>\n\t<meta property=\"og:image:height\" content=\"250\" \/>\n\t<meta property=\"og:image:type\" content=\"image\/jpeg\" \/>\n<meta name=\"author\" content=\"kl\" \/>\n<meta name=\"twitter:card\" content=\"summary_large_image\" \/>\n<meta name=\"twitter:label1\" content=\"Verfasst von\" \/>\n\t<meta name=\"twitter:data1\" content=\"kl\" \/>\n\t<meta name=\"twitter:label2\" content=\"Gesch\u00e4tzte Lesezeit\" \/>\n\t<meta name=\"twitter:data2\" content=\"1\u00a0Minute\" \/>\n<script type=\"application\/ld+json\" class=\"yoast-schema-graph\">{\"@context\":\"https:\\\/\\\/schema.org\",\"@graph\":[{\"@type\":\"Article\",\"@id\":\"https:\\\/\\\/unser-landvolk.de\\\/?p=293#article\",\"isPartOf\":{\"@id\":\"https:\\\/\\\/unser-landvolk.de\\\/?p=293\"},\"author\":{\"name\":\"kl\",\"@id\":\"https:\\\/\\\/unser-landvolk.de\\\/#\\\/schema\\\/person\\\/c0f08f15baa7e436242f280aa06f3c18\"},\"headline\":\"Mira&#8217;s kleiner HOFLaden\",\"datePublished\":\"2021-04-01T12:22:56+00:00\",\"dateModified\":\"2021-05-04T12:36:46+00:00\",\"mainEntityOfPage\":{\"@id\":\"https:\\\/\\\/unser-landvolk.de\\\/?p=293\"},\"wordCount\":167,\"publisher\":{\"@id\":\"https:\\\/\\\/unser-landvolk.de\\\/#organization\"},\"image\":{\"@id\":\"https:\\\/\\\/unser-landvolk.de\\\/?p=293#primaryimage\"},\"thumbnailUrl\":\"https:\\\/\\\/unser-landvolk.de\\\/wp-content\\\/uploads\\\/2021\\\/04\\\/miras-hofladen-3.jpg\",\"articleSection\":[\"Bringdienste\",\"Hofl\u00e4den\"],\"inLanguage\":\"de\"},{\"@type\":\"WebPage\",\"@id\":\"https:\\\/\\\/unser-landvolk.de\\\/?p=293\",\"url\":\"https:\\\/\\\/unser-landvolk.de\\\/?p=293\",\"name\":\"Mira's kleiner HOFLaden - Unser Landvolk\",\"isPartOf\":{\"@id\":\"https:\\\/\\\/unser-landvolk.de\\\/#website\"},\"primaryImageOfPage\":{\"@id\":\"https:\\\/\\\/unser-landvolk.de\\\/?p=293#primaryimage\"},\"image\":{\"@id\":\"https:\\\/\\\/unser-landvolk.de\\\/?p=293#primaryimage\"},\"thumbnailUrl\":\"https:\\\/\\\/unser-landvolk.de\\\/wp-content\\\/uploads\\\/2021\\\/04\\\/miras-hofladen-3.jpg\",\"datePublished\":\"2021-04-01T12:22:56+00:00\",\"dateModified\":\"2021-05-04T12:36:46+00:00\",\"breadcrumb\":{\"@id\":\"https:\\\/\\\/unser-landvolk.de\\\/?p=293#breadcrumb\"},\"inLanguage\":\"de\",\"potentialAction\":[{\"@type\":\"ReadAction\",\"target\":[\"https:\\\/\\\/unser-landvolk.de\\\/?p=293\"]}]},{\"@type\":\"ImageObject\",\"inLanguage\":\"de\",\"@id\":\"https:\\\/\\\/unser-landvolk.de\\\/?p=293#primaryimage\",\"url\":\"https:\\\/\\\/unser-landvolk.de\\\/wp-content\\\/uploads\\\/2021\\\/04\\\/miras-hofladen-3.jpg\",\"contentUrl\":\"https:\\\/\\\/unser-landvolk.de\\\/wp-content\\\/uploads\\\/2021\\\/04\\\/miras-hofladen-3.jpg\",\"width\":380,\"height\":250},{\"@type\":\"BreadcrumbList\",\"@id\":\"https:\\\/\\\/unser-landvolk.de\\\/?p=293#breadcrumb\",\"itemListElement\":[{\"@type\":\"ListItem\",\"position\":1,\"name\":\"Startseite\",\"item\":\"https:\\\/\\\/unser-landvolk.de\\\/\"},{\"@type\":\"ListItem\",\"position\":2,\"name\":\"Mira&#8217;s kleiner HOFLaden\"}]},{\"@type\":\"WebSite\",\"@id\":\"https:\\\/\\\/unser-landvolk.de\\\/#website\",\"url\":\"https:\\\/\\\/unser-landvolk.de\\\/\",\"name\":\"Unser Landvolk\",\"description\":\"Landwirtschaft in Schaumburg\",\"publisher\":{\"@id\":\"https:\\\/\\\/unser-landvolk.de\\\/#organization\"},\"potentialAction\":[{\"@type\":\"SearchAction\",\"target\":{\"@type\":\"EntryPoint\",\"urlTemplate\":\"https:\\\/\\\/unser-landvolk.de\\\/?s={search_term_string}\"},\"query-input\":{\"@type\":\"PropertyValueSpecification\",\"valueRequired\":true,\"valueName\":\"search_term_string\"}}],\"inLanguage\":\"de\"},{\"@type\":\"Organization\",\"@id\":\"https:\\\/\\\/unser-landvolk.de\\\/#organization\",\"name\":\"Unser Landvolk\",\"url\":\"https:\\\/\\\/unser-landvolk.de\\\/\",\"logo\":{\"@type\":\"ImageObject\",\"inLanguage\":\"de\",\"@id\":\"https:\\\/\\\/unser-landvolk.de\\\/#\\\/schema\\\/logo\\\/image\\\/\",\"url\":\"https:\\\/\\\/unser-landvolk.de\\\/wp-content\\\/uploads\\\/2021\\\/05\\\/cropped-header-650x150-1.jpg\",\"contentUrl\":\"https:\\\/\\\/unser-landvolk.de\\\/wp-content\\\/uploads\\\/2021\\\/05\\\/cropped-header-650x150-1.jpg\",\"width\":1355,\"height\":260,\"caption\":\"Unser Landvolk\"},\"image\":{\"@id\":\"https:\\\/\\\/unser-landvolk.de\\\/#\\\/schema\\\/logo\\\/image\\\/\"}},{\"@type\":\"Person\",\"@id\":\"https:\\\/\\\/unser-landvolk.de\\\/#\\\/schema\\\/person\\\/c0f08f15baa7e436242f280aa06f3c18\",\"name\":\"kl\",\"image\":{\"@type\":\"ImageObject\",\"inLanguage\":\"de\",\"@id\":\"https:\\\/\\\/secure.gravatar.com\\\/avatar\\\/95d9efd984da1aabcc8f4ab5e341dc7f5ccd9e4997044adf78d03744f8614cb8?s=96&d=blank&r=g\",\"url\":\"https:\\\/\\\/secure.gravatar.com\\\/avatar\\\/95d9efd984da1aabcc8f4ab5e341dc7f5ccd9e4997044adf78d03744f8614cb8?s=96&d=blank&r=g\",\"contentUrl\":\"https:\\\/\\\/secure.gravatar.com\\\/avatar\\\/95d9efd984da1aabcc8f4ab5e341dc7f5ccd9e4997044adf78d03744f8614cb8?s=96&d=blank&r=g\",\"caption\":\"kl\"},\"sameAs\":[\"http:\\\/\\\/unser-landvolk.de\"],\"url\":\"https:\\\/\\\/unser-landvolk.de\\\/?author=1\"}]}<\/script>\n<!-- \/ Yoast SEO plugin. -->","yoast_head_json":{"title":"Mira's kleiner HOFLaden - Unser Landvolk","robots":{"index":"index","follow":"follow","max-snippet":"max-snippet:-1","max-image-preview":"max-image-preview:large","max-video-preview":"max-video-preview:-1"},"canonical":"https:\/\/unser-landvolk.de\/?p=293","og_locale":"de_DE","og_type":"article","og_title":"Mira's kleiner HOFLaden - Unser Landvolk","og_description":"Als Inhaberin freue ich mich \u00fcber pers\u00f6nliche Kundenkontakte. Ich habe immer ein offenes Ohr f\u00fcr W\u00fcnsche und Anregungen unserer Kunden. Gerne m\u00f6chte ich das Warensortiment so gestalten, dass Ihr Eure Lieblingsprodukte bei uns im Laden findet oder wir sie f\u00fcr Euch bestellen k\u00f6nnen. Kundenzufriedenheit und Service stehen an oberster Stelle. [&hellip;]","og_url":"https:\/\/unser-landvolk.de\/?p=293","og_site_name":"Unser Landvolk","article_published_time":"2021-04-01T12:22:56+00:00","article_modified_time":"2021-05-04T12:36:46+00:00","og_image":[{"width":380,"height":250,"url":"https:\/\/unser-landvolk.de\/wp-content\/uploads\/2021\/04\/miras-hofladen-3.jpg","type":"image\/jpeg"}],"author":"kl","twitter_card":"summary_large_image","twitter_misc":{"Verfasst von":"kl","Gesch\u00e4tzte Lesezeit":"1\u00a0Minute"},"schema":{"@context":"https:\/\/schema.org","@graph":[{"@type":"Article","@id":"https:\/\/unser-landvolk.de\/?p=293#article","isPartOf":{"@id":"https:\/\/unser-landvolk.de\/?p=293"},"author":{"name":"kl","@id":"https:\/\/unser-landvolk.de\/#\/schema\/person\/c0f08f15baa7e436242f280aa06f3c18"},"headline":"Mira&#8217;s kleiner HOFLaden","datePublished":"2021-04-01T12:22:56+00:00","dateModified":"2021-05-04T12:36:46+00:00","mainEntityOfPage":{"@id":"https:\/\/unser-landvolk.de\/?p=293"},"wordCount":167,"publisher":{"@id":"https:\/\/unser-landvolk.de\/#organization"},"image":{"@id":"https:\/\/unser-landvolk.de\/?p=293#primaryimage"},"thumbnailUrl":"https:\/\/unser-landvolk.de\/wp-content\/uploads\/2021\/04\/miras-hofladen-3.jpg","articleSection":["Bringdienste","Hofl\u00e4den"],"inLanguage":"de"},{"@type":"WebPage","@id":"https:\/\/unser-landvolk.de\/?p=293","url":"https:\/\/unser-landvolk.de\/?p=293","name":"Mira's kleiner HOFLaden - Unser Landvolk","isPartOf":{"@id":"https:\/\/unser-landvolk.de\/#website"},"primaryImageOfPage":{"@id":"https:\/\/unser-landvolk.de\/?p=293#primaryimage"},"image":{"@id":"https:\/\/unser-landvolk.de\/?p=293#primaryimage"},"thumbnailUrl":"https:\/\/unser-landvolk.de\/wp-content\/uploads\/2021\/04\/miras-hofladen-3.jpg","datePublished":"2021-04-01T12:22:56+00:00","dateModified":"2021-05-04T12:36:46+00:00","breadcrumb":{"@id":"https:\/\/unser-landvolk.de\/?p=293#breadcrumb"},"inLanguage":"de","potentialAction":[{"@type":"ReadAction","target":["https:\/\/unser-landvolk.de\/?p=293"]}]},{"@type":"ImageObject","inLanguage":"de","@id":"https:\/\/unser-landvolk.de\/?p=293#primaryimage","url":"https:\/\/unser-landvolk.de\/wp-content\/uploads\/2021\/04\/miras-hofladen-3.jpg","contentUrl":"https:\/\/unser-landvolk.de\/wp-content\/uploads\/2021\/04\/miras-hofladen-3.jpg","width":380,"height":250},{"@type":"BreadcrumbList","@id":"https:\/\/unser-landvolk.de\/?p=293#breadcrumb","itemListElement":[{"@type":"ListItem","position":1,"name":"Startseite","item":"https:\/\/unser-landvolk.de\/"},{"@type":"ListItem","position":2,"name":"Mira&#8217;s kleiner HOFLaden"}]},{"@type":"WebSite","@id":"https:\/\/unser-landvolk.de\/#website","url":"https:\/\/unser-landvolk.de\/","name":"Unser Landvolk","description":"Landwirtschaft in Schaumburg","publisher":{"@id":"https:\/\/unser-landvolk.de\/#organization"},"potentialAction":[{"@type":"SearchAction","target":{"@type":"EntryPoint","urlTemplate":"https:\/\/unser-landvolk.de\/?s={search_term_string}"},"query-input":{"@type":"PropertyValueSpecification","valueRequired":true,"valueName":"search_term_string"}}],"inLanguage":"de"},{"@type":"Organization","@id":"https:\/\/unser-landvolk.de\/#organization","name":"Unser Landvolk","url":"https:\/\/unser-landvolk.de\/","logo":{"@type":"ImageObject","inLanguage":"de","@id":"https:\/\/unser-landvolk.de\/#\/schema\/logo\/image\/","url":"https:\/\/unser-landvolk.de\/wp-content\/uploads\/2021\/05\/cropped-header-650x150-1.jpg","contentUrl":"https:\/\/unser-landvolk.de\/wp-content\/uploads\/2021\/05\/cropped-header-650x150-1.jpg","width":1355,"height":260,"caption":"Unser Landvolk"},"image":{"@id":"https:\/\/unser-landvolk.de\/#\/schema\/logo\/image\/"}},{"@type":"Person","@id":"https:\/\/unser-landvolk.de\/#\/schema\/person\/c0f08f15baa7e436242f280aa06f3c18","name":"kl","image":{"@type":"ImageObject","inLanguage":"de","@id":"https:\/\/secure.gravatar.com\/avatar\/95d9efd984da1aabcc8f4ab5e341dc7f5ccd9e4997044adf78d03744f8614cb8?s=96&d=blank&r=g","url":"https:\/\/secure.gravatar.com\/avatar\/95d9efd984da1aabcc8f4ab5e341dc7f5ccd9e4997044adf78d03744f8614cb8?s=96&d=blank&r=g","contentUrl":"https:\/\/secure.gravatar.com\/avatar\/95d9efd984da1aabcc8f4ab5e341dc7f5ccd9e4997044adf78d03744f8614cb8?s=96&d=blank&r=g","caption":"kl"},"sameAs":["http:\/\/unser-landvolk.de"],"url":"https:\/\/unser-landvolk.de\/?author=1"}]}},"jetpack_featured_media_url":"https:\/\/unser-landvolk.de\/wp-content\/uploads\/2021\/04\/miras-hofladen-3.jpg","_links":{"self":[{"href":"https:\/\/unser-landvolk.de\/index.php?rest_route=\/wp\/v2\/posts\/293","targetHints":{"allow":["GET"]}}],"collection":[{"href":"https:\/\/unser-landvolk.de\/index.php?rest_route=\/wp\/v2\/posts"}],"about":[{"href":"https:\/\/unser-landvolk.de\/index.php?rest_route=\/wp\/v2\/types\/post"}],"author":[{"embeddable":true,"href":"https:\/\/unser-landvolk.de\/index.php?rest_route=\/wp\/v2\/users\/1"}],"replies":[{"embeddable":true,"href":"https:\/\/unser-landvolk.de\/index.php?rest_route=%2Fwp%2Fv2%2Fcomments&post=293"}],"version-history":[{"count":2,"href":"https:\/\/unser-landvolk.de\/index.php?rest_route=\/wp\/v2\/posts\/293\/revisions"}],"predecessor-version":[{"id":409,"href":"https:\/\/unser-landvolk.de\/index.php?rest_route=\/wp\/v2\/posts\/293\/revisions\/409"}],"wp:featuredmedia":[{"embeddable":true,"href":"https:\/\/unser-landvolk.de\/index.php?rest_route=\/wp\/v2\/media\/407"}],"wp:attachment":[{"href":"https:\/\/unser-landvolk.de\/index.php?rest_route=%2Fwp%2Fv2%2Fmedia&parent=293"}],"wp:term":[{"taxonomy":"category","embeddable":true,"href":"https:\/\/unser-landvolk.de\/index.php?rest_route=%2Fwp%2Fv2%2Fcategories&post=293"},{"taxonomy":"post_tag","embeddable":true,"href":"https:\/\/unser-landvolk.de\/index.php?rest_route=%2Fwp%2Fv2%2Ftags&post=293"}],"curies":[{"name":"wp","href":"https:\/\/api.w.org\/{rel}","templated":true}]}}