{"id":224,"date":"2021-03-30T12:15:27","date_gmt":"2021-03-30T10:15:27","guid":{"rendered":"http:\/\/unser-landvolk.de\/?p=224"},"modified":"2021-05-04T14:50:16","modified_gmt":"2021-05-04T12:50:16","slug":"dettmers-hofladen","status":"publish","type":"post","link":"https:\/\/unser-landvolk.de\/?p=224","title":{"rendered":"Dettmer\u2018s Hofladen"},"content":{"rendered":"\n<p><strong>Wurst, Fleisch und Gefl\u00fcgel<br><\/strong>Es ist uns sehr wichtig den Tieren jede Art von Stress zu ersparen, deshalb achten wir auf kurze Transportwege und bringen die Tiere selbst auf ihren letzten Weg. Wir lassen unsere Tiere bei einem Schlachter ganz in der N\u00e4he fach- und artgerecht schlachten und nach unseren W\u00fcnschen verarbeiten.<br>Das zeichnet uns aus.<\/p>\n\n\n\n<figure class=\"wp-block-image size-large is-style-default\"><img loading=\"lazy\" decoding=\"async\" width=\"1120\" height=\"616\" src=\"http:\/\/unser-landvolk.de\/wp-content\/uploads\/2021\/04\/hofladen.jpg\" alt=\"\" class=\"wp-image-339\"\/><\/figure>\n\n\n\n<p><strong>Pr\u00e4sentk\u00f6rbe &amp; Lieferservice<br><\/strong>Wir stellen Ihnen Pr\u00e4sentk\u00f6rbe mit besonders leckerem und fischen Produkten aus dem Hofladen zusammen. Grad jetzt zu Weihnachten, aber auch f\u00fcr eine Feier oder einem Geburtstag sind sie gefragt.&nbsp;<br>Einen Pr\u00e4sentkorb stellen wir individuell ab 20\u20ac zusammen.&nbsp;<br>Wir freuen uns \u00fcber eine telefonische Bestellung vorab!<br>Lieferservice unserer Produkte und Pr\u00e4sentk\u00f6rbe in die n\u00e4here Umgebung ist selbstverst\u00e4ndlich. Regelm\u00e4\u00dfige Bestellungen an die Gastronomie liefern wir kostenfrei.<br>Gutscheine &#8211; die haltbare Variante f\u00fcr den sp\u00e4teren genussvollen Einkauf &#8211; werden immer gern f\u00fcr besondere Anl\u00e4sse wie Geburtstage, Jubil\u00e4en oder als kleines Dankesch\u00f6n genommen.<\/p>\n\n\n\n<figure class=\"wp-block-image size-large is-style-default\"><img loading=\"lazy\" decoding=\"async\" width=\"1484\" height=\"918\" src=\"http:\/\/unser-landvolk.de\/wp-content\/uploads\/2021\/04\/korb.jpg\" alt=\"\" class=\"wp-image-338\"\/><\/figure>\n\n\n\n<p>Das Bunte Bentheimer Schwein ist eine Schweinerasse aus der Grafschaft Bentheim und dem Emsland. Das Schwein ist vom Aussterben bedroht. Bei uns wohnen diese tollen Schweine im Offenstall und haben einen Freigang nach drau\u00dfen. Das Fleisch ist durch eine bessere Qualit\u00e4t gekennzeichnet. Der Speckanteil ist verh\u00e4ltnism\u00e4\u00dfig hoch, das Fleisch selbst weist einen hohen intramuskul\u00e4ren Fettanteil auf, was sich positiv auf die sensorischen Qualit\u00e4ten des Fleisches auswirkt. Das Bunte Bentheimer Schwein hat \u00fcber den ganzen K\u00f6rper verteilt gr\u00f6\u00dfere schwarze Flecken. Bei uns ist das Schwein mind. 2 Jahre zu Hause.<\/p>\n\n\n\n<div class=\"wp-block-columns is-layout-flex wp-container-core-columns-is-layout-9d6595d7 wp-block-columns-is-layout-flex\">\n<div class=\"wp-block-column is-layout-flow wp-block-column-is-layout-flow\">\n<figure class=\"wp-block-image size-large is-style-default\"><img loading=\"lazy\" decoding=\"async\" width=\"1118\" height=\"614\" src=\"http:\/\/unser-landvolk.de\/wp-content\/uploads\/2021\/04\/bentheimer.jpg\" alt=\"\" class=\"wp-image-340\"\/><\/figure>\n<\/div>\n\n\n\n<div class=\"wp-block-column is-layout-flow wp-block-column-is-layout-flow\">\n<figure class=\"wp-block-image size-large is-style-default\"><img loading=\"lazy\" decoding=\"async\" width=\"1122\" height=\"620\" src=\"http:\/\/unser-landvolk.de\/wp-content\/uploads\/2021\/04\/galloway.jpg\" alt=\"\" class=\"wp-image-341\"\/><\/figure>\n<\/div>\n<\/div>\n\n\n\n<p>Galloways sind fast \u00fcberall auf der Welt zu Hause. Urspr\u00fcnglich stammen sie aus dem S\u00fcdwesten Schottlands. Sie sind friedvoll, widerstandsf\u00e4hig und gen\u00fcgsam. Auch bei naturnaher Haltung bringen sie gute Fleischleistung mit hervorragender Fleischqualit\u00e4t. Junkie ist unser zahmer Zuchtbulle und lebt mit seiner Mutterherde und M\u00e4dels ein tolles Leben auf dem Hof. Die Bullen sind 2-3 Jahre bei uns zu Hause.<\/p>\n\n\n\n<p><strong>\u00d6ffnungszeiten:<br><\/strong>Montag Geschlossen<br>Dienstag 09:00 &#8211; 13:00 Uhr &amp; 15:00 &#8211; 18:00 Uhr<br>Mittwoch Geschlossen<br>Donnerstag 09:00 &#8211; 13:00 Uhr &amp; 15:00 &#8211; 18:00 Uhr<br>Freitag 09:00 &#8211; 13:00 Uhr &amp; 15:00 &#8211; 18:00 Uhr<br>Samstag 09:00 &#8211; 13:00 Uhr<br>Sonntag Geschlossen<br>Feiertage Geschlossen<\/p>\n\n\n\n<p><strong>Dettmer\u2018s Hofladen<br><\/strong>Poststra\u00dfe 35<br>31718 Pollhagen<br>0 5721 2731<\/p>\n\n\n\n<p><br><\/p>\n\n\n\n<figure class=\"wp-block-embed is-type-video is-provider-youtube wp-block-embed-youtube wp-embed-aspect-16-9 wp-has-aspect-ratio\"><div class=\"wp-block-embed__wrapper\">\n<iframe loading=\"lazy\" title=\"Dettmers Hofladen\" width=\"800\" height=\"450\" src=\"https:\/\/www.youtube.com\/embed\/N7Th_hmUIWs?feature=oembed\" frameborder=\"0\" allow=\"accelerometer; autoplay; clipboard-write; encrypted-media; gyroscope; picture-in-picture\" allowfullscreen><\/iframe>\n<\/div><\/figure>\n\n\n\n<p><\/p>\n","protected":false},"excerpt":{"rendered":"<p>Wurst, Fleisch und Gefl\u00fcgelEs ist uns sehr wichtig den Tieren jede Art von Stress zu ersparen, deshalb achten wir auf kurze Transportwege und bringen die Tiere selbst auf ihren letzten Weg. Wir lassen unsere Tiere bei einem Schlachter ganz in der N\u00e4he fach- und artgerecht schlachten und nach unseren W\u00fcnschen [&hellip;]<\/p>\n","protected":false},"author":1,"featured_media":411,"comment_status":"closed","ping_status":"open","sticky":false,"template":"","format":"standard","meta":{"_monsterinsights_skip_tracking":false,"_monsterinsights_sitenote_active":false,"_monsterinsights_sitenote_note":"","_monsterinsights_sitenote_category":0,"spay_email":"","footnotes":""},"categories":[11],"tags":[],"class_list":["post-224","post","type-post","status-publish","format-standard","has-post-thumbnail","hentry","category-hoflaeden"],"yoast_head":"<!-- This site is optimized with the Yoast SEO plugin v27.4 - https:\/\/yoast.com\/product\/yoast-seo-wordpress\/ -->\n<title>Dettmer\u2018s Hofladen - Unser Landvolk<\/title>\n<meta name=\"robots\" content=\"index, follow, max-snippet:-1, max-image-preview:large, max-video-preview:-1\" \/>\n<link rel=\"canonical\" href=\"https:\/\/unser-landvolk.de\/?p=224\" \/>\n<meta property=\"og:locale\" content=\"de_DE\" \/>\n<meta property=\"og:type\" content=\"article\" \/>\n<meta property=\"og:title\" content=\"Dettmer\u2018s Hofladen - Unser Landvolk\" \/>\n<meta property=\"og:description\" content=\"Wurst, Fleisch und Gefl\u00fcgelEs ist uns sehr wichtig den Tieren jede Art von Stress zu ersparen, deshalb achten wir auf kurze Transportwege und bringen die Tiere selbst auf ihren letzten Weg. Wir lassen unsere Tiere bei einem Schlachter ganz in der N\u00e4he fach- und artgerecht schlachten und nach unseren W\u00fcnschen [&hellip;]\" \/>\n<meta property=\"og:url\" content=\"https:\/\/unser-landvolk.de\/?p=224\" \/>\n<meta property=\"og:site_name\" content=\"Unser Landvolk\" \/>\n<meta property=\"article:published_time\" content=\"2021-03-30T10:15:27+00:00\" \/>\n<meta property=\"article:modified_time\" content=\"2021-05-04T12:50:16+00:00\" \/>\n<meta property=\"og:image\" content=\"https:\/\/unser-landvolk.de\/wp-content\/uploads\/2021\/03\/dettmer-title.jpg\" \/>\n\t<meta property=\"og:image:width\" content=\"730\" \/>\n\t<meta property=\"og:image:height\" content=\"584\" \/>\n\t<meta property=\"og:image:type\" content=\"image\/jpeg\" \/>\n<meta name=\"author\" content=\"kl\" \/>\n<meta name=\"twitter:card\" content=\"summary_large_image\" \/>\n<meta name=\"twitter:label1\" content=\"Verfasst von\" \/>\n\t<meta name=\"twitter:data1\" content=\"kl\" \/>\n\t<meta name=\"twitter:label2\" content=\"Gesch\u00e4tzte Lesezeit\" \/>\n\t<meta name=\"twitter:data2\" content=\"2\u00a0Minuten\" \/>\n<script type=\"application\/ld+json\" class=\"yoast-schema-graph\">{\"@context\":\"https:\\\/\\\/schema.org\",\"@graph\":[{\"@type\":\"Article\",\"@id\":\"https:\\\/\\\/unser-landvolk.de\\\/?p=224#article\",\"isPartOf\":{\"@id\":\"https:\\\/\\\/unser-landvolk.de\\\/?p=224\"},\"author\":{\"name\":\"kl\",\"@id\":\"https:\\\/\\\/unser-landvolk.de\\\/#\\\/schema\\\/person\\\/c0f08f15baa7e436242f280aa06f3c18\"},\"headline\":\"Dettmer\u2018s Hofladen\",\"datePublished\":\"2021-03-30T10:15:27+00:00\",\"dateModified\":\"2021-05-04T12:50:16+00:00\",\"mainEntityOfPage\":{\"@id\":\"https:\\\/\\\/unser-landvolk.de\\\/?p=224\"},\"wordCount\":369,\"publisher\":{\"@id\":\"https:\\\/\\\/unser-landvolk.de\\\/#organization\"},\"image\":{\"@id\":\"https:\\\/\\\/unser-landvolk.de\\\/?p=224#primaryimage\"},\"thumbnailUrl\":\"https:\\\/\\\/unser-landvolk.de\\\/wp-content\\\/uploads\\\/2021\\\/03\\\/dettmer-title.jpg\",\"articleSection\":[\"Hofl\u00e4den\"],\"inLanguage\":\"de\"},{\"@type\":\"WebPage\",\"@id\":\"https:\\\/\\\/unser-landvolk.de\\\/?p=224\",\"url\":\"https:\\\/\\\/unser-landvolk.de\\\/?p=224\",\"name\":\"Dettmer\u2018s Hofladen - Unser Landvolk\",\"isPartOf\":{\"@id\":\"https:\\\/\\\/unser-landvolk.de\\\/#website\"},\"primaryImageOfPage\":{\"@id\":\"https:\\\/\\\/unser-landvolk.de\\\/?p=224#primaryimage\"},\"image\":{\"@id\":\"https:\\\/\\\/unser-landvolk.de\\\/?p=224#primaryimage\"},\"thumbnailUrl\":\"https:\\\/\\\/unser-landvolk.de\\\/wp-content\\\/uploads\\\/2021\\\/03\\\/dettmer-title.jpg\",\"datePublished\":\"2021-03-30T10:15:27+00:00\",\"dateModified\":\"2021-05-04T12:50:16+00:00\",\"breadcrumb\":{\"@id\":\"https:\\\/\\\/unser-landvolk.de\\\/?p=224#breadcrumb\"},\"inLanguage\":\"de\",\"potentialAction\":[{\"@type\":\"ReadAction\",\"target\":[\"https:\\\/\\\/unser-landvolk.de\\\/?p=224\"]}]},{\"@type\":\"ImageObject\",\"inLanguage\":\"de\",\"@id\":\"https:\\\/\\\/unser-landvolk.de\\\/?p=224#primaryimage\",\"url\":\"https:\\\/\\\/unser-landvolk.de\\\/wp-content\\\/uploads\\\/2021\\\/03\\\/dettmer-title.jpg\",\"contentUrl\":\"https:\\\/\\\/unser-landvolk.de\\\/wp-content\\\/uploads\\\/2021\\\/03\\\/dettmer-title.jpg\",\"width\":730,\"height\":584},{\"@type\":\"BreadcrumbList\",\"@id\":\"https:\\\/\\\/unser-landvolk.de\\\/?p=224#breadcrumb\",\"itemListElement\":[{\"@type\":\"ListItem\",\"position\":1,\"name\":\"Startseite\",\"item\":\"https:\\\/\\\/unser-landvolk.de\\\/\"},{\"@type\":\"ListItem\",\"position\":2,\"name\":\"Dettmer\u2018s Hofladen\"}]},{\"@type\":\"WebSite\",\"@id\":\"https:\\\/\\\/unser-landvolk.de\\\/#website\",\"url\":\"https:\\\/\\\/unser-landvolk.de\\\/\",\"name\":\"Unser Landvolk\",\"description\":\"Landwirtschaft in Schaumburg\",\"publisher\":{\"@id\":\"https:\\\/\\\/unser-landvolk.de\\\/#organization\"},\"potentialAction\":[{\"@type\":\"SearchAction\",\"target\":{\"@type\":\"EntryPoint\",\"urlTemplate\":\"https:\\\/\\\/unser-landvolk.de\\\/?s={search_term_string}\"},\"query-input\":{\"@type\":\"PropertyValueSpecification\",\"valueRequired\":true,\"valueName\":\"search_term_string\"}}],\"inLanguage\":\"de\"},{\"@type\":\"Organization\",\"@id\":\"https:\\\/\\\/unser-landvolk.de\\\/#organization\",\"name\":\"Unser Landvolk\",\"url\":\"https:\\\/\\\/unser-landvolk.de\\\/\",\"logo\":{\"@type\":\"ImageObject\",\"inLanguage\":\"de\",\"@id\":\"https:\\\/\\\/unser-landvolk.de\\\/#\\\/schema\\\/logo\\\/image\\\/\",\"url\":\"https:\\\/\\\/unser-landvolk.de\\\/wp-content\\\/uploads\\\/2021\\\/05\\\/cropped-header-650x150-1.jpg\",\"contentUrl\":\"https:\\\/\\\/unser-landvolk.de\\\/wp-content\\\/uploads\\\/2021\\\/05\\\/cropped-header-650x150-1.jpg\",\"width\":1355,\"height\":260,\"caption\":\"Unser Landvolk\"},\"image\":{\"@id\":\"https:\\\/\\\/unser-landvolk.de\\\/#\\\/schema\\\/logo\\\/image\\\/\"}},{\"@type\":\"Person\",\"@id\":\"https:\\\/\\\/unser-landvolk.de\\\/#\\\/schema\\\/person\\\/c0f08f15baa7e436242f280aa06f3c18\",\"name\":\"kl\",\"image\":{\"@type\":\"ImageObject\",\"inLanguage\":\"de\",\"@id\":\"https:\\\/\\\/secure.gravatar.com\\\/avatar\\\/95d9efd984da1aabcc8f4ab5e341dc7f5ccd9e4997044adf78d03744f8614cb8?s=96&d=blank&r=g\",\"url\":\"https:\\\/\\\/secure.gravatar.com\\\/avatar\\\/95d9efd984da1aabcc8f4ab5e341dc7f5ccd9e4997044adf78d03744f8614cb8?s=96&d=blank&r=g\",\"contentUrl\":\"https:\\\/\\\/secure.gravatar.com\\\/avatar\\\/95d9efd984da1aabcc8f4ab5e341dc7f5ccd9e4997044adf78d03744f8614cb8?s=96&d=blank&r=g\",\"caption\":\"kl\"},\"sameAs\":[\"http:\\\/\\\/unser-landvolk.de\"],\"url\":\"https:\\\/\\\/unser-landvolk.de\\\/?author=1\"}]}<\/script>\n<!-- \/ Yoast SEO plugin. -->","yoast_head_json":{"title":"Dettmer\u2018s Hofladen - Unser Landvolk","robots":{"index":"index","follow":"follow","max-snippet":"max-snippet:-1","max-image-preview":"max-image-preview:large","max-video-preview":"max-video-preview:-1"},"canonical":"https:\/\/unser-landvolk.de\/?p=224","og_locale":"de_DE","og_type":"article","og_title":"Dettmer\u2018s Hofladen - Unser Landvolk","og_description":"Wurst, Fleisch und Gefl\u00fcgelEs ist uns sehr wichtig den Tieren jede Art von Stress zu ersparen, deshalb achten wir auf kurze Transportwege und bringen die Tiere selbst auf ihren letzten Weg. Wir lassen unsere Tiere bei einem Schlachter ganz in der N\u00e4he fach- und artgerecht schlachten und nach unseren W\u00fcnschen [&hellip;]","og_url":"https:\/\/unser-landvolk.de\/?p=224","og_site_name":"Unser Landvolk","article_published_time":"2021-03-30T10:15:27+00:00","article_modified_time":"2021-05-04T12:50:16+00:00","og_image":[{"width":730,"height":584,"url":"https:\/\/unser-landvolk.de\/wp-content\/uploads\/2021\/03\/dettmer-title.jpg","type":"image\/jpeg"}],"author":"kl","twitter_card":"summary_large_image","twitter_misc":{"Verfasst von":"kl","Gesch\u00e4tzte Lesezeit":"2\u00a0Minuten"},"schema":{"@context":"https:\/\/schema.org","@graph":[{"@type":"Article","@id":"https:\/\/unser-landvolk.de\/?p=224#article","isPartOf":{"@id":"https:\/\/unser-landvolk.de\/?p=224"},"author":{"name":"kl","@id":"https:\/\/unser-landvolk.de\/#\/schema\/person\/c0f08f15baa7e436242f280aa06f3c18"},"headline":"Dettmer\u2018s Hofladen","datePublished":"2021-03-30T10:15:27+00:00","dateModified":"2021-05-04T12:50:16+00:00","mainEntityOfPage":{"@id":"https:\/\/unser-landvolk.de\/?p=224"},"wordCount":369,"publisher":{"@id":"https:\/\/unser-landvolk.de\/#organization"},"image":{"@id":"https:\/\/unser-landvolk.de\/?p=224#primaryimage"},"thumbnailUrl":"https:\/\/unser-landvolk.de\/wp-content\/uploads\/2021\/03\/dettmer-title.jpg","articleSection":["Hofl\u00e4den"],"inLanguage":"de"},{"@type":"WebPage","@id":"https:\/\/unser-landvolk.de\/?p=224","url":"https:\/\/unser-landvolk.de\/?p=224","name":"Dettmer\u2018s Hofladen - Unser Landvolk","isPartOf":{"@id":"https:\/\/unser-landvolk.de\/#website"},"primaryImageOfPage":{"@id":"https:\/\/unser-landvolk.de\/?p=224#primaryimage"},"image":{"@id":"https:\/\/unser-landvolk.de\/?p=224#primaryimage"},"thumbnailUrl":"https:\/\/unser-landvolk.de\/wp-content\/uploads\/2021\/03\/dettmer-title.jpg","datePublished":"2021-03-30T10:15:27+00:00","dateModified":"2021-05-04T12:50:16+00:00","breadcrumb":{"@id":"https:\/\/unser-landvolk.de\/?p=224#breadcrumb"},"inLanguage":"de","potentialAction":[{"@type":"ReadAction","target":["https:\/\/unser-landvolk.de\/?p=224"]}]},{"@type":"ImageObject","inLanguage":"de","@id":"https:\/\/unser-landvolk.de\/?p=224#primaryimage","url":"https:\/\/unser-landvolk.de\/wp-content\/uploads\/2021\/03\/dettmer-title.jpg","contentUrl":"https:\/\/unser-landvolk.de\/wp-content\/uploads\/2021\/03\/dettmer-title.jpg","width":730,"height":584},{"@type":"BreadcrumbList","@id":"https:\/\/unser-landvolk.de\/?p=224#breadcrumb","itemListElement":[{"@type":"ListItem","position":1,"name":"Startseite","item":"https:\/\/unser-landvolk.de\/"},{"@type":"ListItem","position":2,"name":"Dettmer\u2018s Hofladen"}]},{"@type":"WebSite","@id":"https:\/\/unser-landvolk.de\/#website","url":"https:\/\/unser-landvolk.de\/","name":"Unser Landvolk","description":"Landwirtschaft in Schaumburg","publisher":{"@id":"https:\/\/unser-landvolk.de\/#organization"},"potentialAction":[{"@type":"SearchAction","target":{"@type":"EntryPoint","urlTemplate":"https:\/\/unser-landvolk.de\/?s={search_term_string}"},"query-input":{"@type":"PropertyValueSpecification","valueRequired":true,"valueName":"search_term_string"}}],"inLanguage":"de"},{"@type":"Organization","@id":"https:\/\/unser-landvolk.de\/#organization","name":"Unser Landvolk","url":"https:\/\/unser-landvolk.de\/","logo":{"@type":"ImageObject","inLanguage":"de","@id":"https:\/\/unser-landvolk.de\/#\/schema\/logo\/image\/","url":"https:\/\/unser-landvolk.de\/wp-content\/uploads\/2021\/05\/cropped-header-650x150-1.jpg","contentUrl":"https:\/\/unser-landvolk.de\/wp-content\/uploads\/2021\/05\/cropped-header-650x150-1.jpg","width":1355,"height":260,"caption":"Unser Landvolk"},"image":{"@id":"https:\/\/unser-landvolk.de\/#\/schema\/logo\/image\/"}},{"@type":"Person","@id":"https:\/\/unser-landvolk.de\/#\/schema\/person\/c0f08f15baa7e436242f280aa06f3c18","name":"kl","image":{"@type":"ImageObject","inLanguage":"de","@id":"https:\/\/secure.gravatar.com\/avatar\/95d9efd984da1aabcc8f4ab5e341dc7f5ccd9e4997044adf78d03744f8614cb8?s=96&d=blank&r=g","url":"https:\/\/secure.gravatar.com\/avatar\/95d9efd984da1aabcc8f4ab5e341dc7f5ccd9e4997044adf78d03744f8614cb8?s=96&d=blank&r=g","contentUrl":"https:\/\/secure.gravatar.com\/avatar\/95d9efd984da1aabcc8f4ab5e341dc7f5ccd9e4997044adf78d03744f8614cb8?s=96&d=blank&r=g","caption":"kl"},"sameAs":["http:\/\/unser-landvolk.de"],"url":"https:\/\/unser-landvolk.de\/?author=1"}]}},"jetpack_featured_media_url":"https:\/\/unser-landvolk.de\/wp-content\/uploads\/2021\/03\/dettmer-title.jpg","_links":{"self":[{"href":"https:\/\/unser-landvolk.de\/index.php?rest_route=\/wp\/v2\/posts\/224","targetHints":{"allow":["GET"]}}],"collection":[{"href":"https:\/\/unser-landvolk.de\/index.php?rest_route=\/wp\/v2\/posts"}],"about":[{"href":"https:\/\/unser-landvolk.de\/index.php?rest_route=\/wp\/v2\/types\/post"}],"author":[{"embeddable":true,"href":"https:\/\/unser-landvolk.de\/index.php?rest_route=\/wp\/v2\/users\/1"}],"replies":[{"embeddable":true,"href":"https:\/\/unser-landvolk.de\/index.php?rest_route=%2Fwp%2Fv2%2Fcomments&post=224"}],"version-history":[{"count":4,"href":"https:\/\/unser-landvolk.de\/index.php?rest_route=\/wp\/v2\/posts\/224\/revisions"}],"predecessor-version":[{"id":412,"href":"https:\/\/unser-landvolk.de\/index.php?rest_route=\/wp\/v2\/posts\/224\/revisions\/412"}],"wp:featuredmedia":[{"embeddable":true,"href":"https:\/\/unser-landvolk.de\/index.php?rest_route=\/wp\/v2\/media\/411"}],"wp:attachment":[{"href":"https:\/\/unser-landvolk.de\/index.php?rest_route=%2Fwp%2Fv2%2Fmedia&parent=224"}],"wp:term":[{"taxonomy":"category","embeddable":true,"href":"https:\/\/unser-landvolk.de\/index.php?rest_route=%2Fwp%2Fv2%2Fcategories&post=224"},{"taxonomy":"post_tag","embeddable":true,"href":"https:\/\/unser-landvolk.de\/index.php?rest_route=%2Fwp%2Fv2%2Ftags&post=224"}],"curies":[{"name":"wp","href":"https:\/\/api.w.org\/{rel}","templated":true}]}}