{"id":218,"date":"2021-03-30T11:29:12","date_gmt":"2021-03-30T09:29:12","guid":{"rendered":"http:\/\/unser-landvolk.de\/?p=218"},"modified":"2021-05-04T14:53:21","modified_gmt":"2021-05-04T12:53:21","slug":"erzeugnisse-aus-eigenem-anbau","status":"publish","type":"post","link":"https:\/\/unser-landvolk.de\/?p=218","title":{"rendered":"Harkopf\u2018s Hofladen"},"content":{"rendered":"\n<p>Speisekartoffeln, Fruchtaufstriche &amp; Gelees, S\u00e4fte, Eingemachtes und Kekse aus eigener Herstellung, Eier, Obst &amp; Gem\u00fcse, K\u00e4se, Milch- &amp; Milchprodukte, Fleisch- &amp; Wurstwaren, Honig, Ketchup, Gew\u00fcrze, Nudeln, Weine, Essig &amp; \u00d6le fast ausschlie\u00dflich von regionalen Anbietern.<\/p>\n\n\n\n<div class=\"wp-block-columns is-layout-flex wp-container-core-columns-is-layout-9d6595d7 wp-block-columns-is-layout-flex\">\n<div class=\"wp-block-column is-layout-flow wp-block-column-is-layout-flow\">\n<figure class=\"wp-block-image size-large is-style-default\"><img loading=\"lazy\" decoding=\"async\" width=\"500\" height=\"400\" src=\"http:\/\/unser-landvolk.de\/wp-content\/uploads\/2021\/04\/harkopf-kartoffel.jpg\" alt=\"\" class=\"wp-image-351\"\/><\/figure>\n<\/div>\n\n\n\n<div class=\"wp-block-column is-layout-flow wp-block-column-is-layout-flow\">\n<figure class=\"wp-block-image size-large is-style-default\"><img loading=\"lazy\" decoding=\"async\" width=\"500\" height=\"400\" src=\"http:\/\/unser-landvolk.de\/wp-content\/uploads\/2021\/04\/brot-1.jpeg\" alt=\"\" class=\"wp-image-352\"\/><\/figure>\n<\/div>\n<\/div>\n\n\n\n<p>Saisonal bieten wir Ihnen unsere H\u00e4hnchen, Enten\/Erpel und G\u00e4nse aus eigener Freilandhaltung an. Au\u00dferdem bekommen Sie bei uns: Spargel, Erdbeeren, Himbeeren, Brombeeren, Heidelbeeren und K\u00fcrbisse aus der Region.<\/p>\n\n\n\n<p><strong>Freilandh\u00e4hnchen<br><\/strong>Unsere frisch geschlachteten H\u00e4hnchen aus eigener Freilandhaltung bieten wir Ihnen zu bestimmten Terminen an. Sie erhalten auch Teilst\u00fccke wie Brustfilet, Innenfilet und Keulen.<\/p>\n\n\n\n<figure class=\"wp-block-image size-large is-style-default\"><img loading=\"lazy\" decoding=\"async\" width=\"846\" height=\"575\" src=\"http:\/\/unser-landvolk.de\/wp-content\/uploads\/2021\/04\/gaense.jpg\" alt=\"\" class=\"wp-image-353\"\/><\/figure>\n\n\n\n<p><strong>Flugenten und G\u00e4nse<br><\/strong>Leckere Flugenten und G\u00e4nse aus eigener Freilandhaltung ab Oktober jede Woche frisch.<br>Ebenfalls in Teilst\u00fccken wie Brust, Filet und Keulen erh\u00e4ltlich.<\/p>\n\n\n\n<p><strong>\u00d6ffnungszeiten<br><\/strong>Mo &#8211; Sa 08:30 &#8211; 13:00<br>Mo, Di, Do &amp; Fr 14:30 &#8211; 18:00<br>Backtage Di &amp; Fr<\/p>\n\n\n\n<p>Rodenberger Stra\u00dfe 20<br>31655 Stadthagen<br>Ortsteil Habichhorst<br>Telefon 05721\/74341<\/p>\n\n\n\n<p><\/p>\n","protected":false},"excerpt":{"rendered":"<p>Speisekartoffeln, Fruchtaufstriche &amp; Gelees, S\u00e4fte, Eingemachtes und Kekse aus eigener Herstellung, Eier, Obst &amp; Gem\u00fcse, K\u00e4se, Milch- &amp; Milchprodukte, Fleisch- &amp; Wurstwaren, Honig, Ketchup, Gew\u00fcrze, Nudeln, Weine, Essig &amp; \u00d6le fast ausschlie\u00dflich von regionalen Anbietern. Saisonal bieten wir Ihnen unsere H\u00e4hnchen, Enten\/Erpel und G\u00e4nse aus eigener Freilandhaltung an. Au\u00dferdem bekommen [&hellip;]<\/p>\n","protected":false},"author":1,"featured_media":413,"comment_status":"closed","ping_status":"open","sticky":false,"template":"","format":"standard","meta":{"_monsterinsights_skip_tracking":false,"_monsterinsights_sitenote_active":false,"_monsterinsights_sitenote_note":"","_monsterinsights_sitenote_category":0,"spay_email":"","footnotes":""},"categories":[11],"tags":[],"class_list":["post-218","post","type-post","status-publish","format-standard","has-post-thumbnail","hentry","category-hoflaeden"],"yoast_head":"<!-- This site is optimized with the Yoast SEO plugin v27.4 - https:\/\/yoast.com\/product\/yoast-seo-wordpress\/ -->\n<title>Harkopf\u2018s Hofladen - Unser Landvolk<\/title>\n<meta name=\"robots\" content=\"index, follow, max-snippet:-1, max-image-preview:large, max-video-preview:-1\" \/>\n<link rel=\"canonical\" href=\"https:\/\/unser-landvolk.de\/?p=218\" \/>\n<meta property=\"og:locale\" content=\"de_DE\" \/>\n<meta property=\"og:type\" content=\"article\" \/>\n<meta property=\"og:title\" content=\"Harkopf\u2018s Hofladen - Unser Landvolk\" \/>\n<meta property=\"og:description\" content=\"Speisekartoffeln, Fruchtaufstriche &amp; Gelees, S\u00e4fte, Eingemachtes und Kekse aus eigener Herstellung, Eier, Obst &amp; Gem\u00fcse, K\u00e4se, Milch- &amp; Milchprodukte, Fleisch- &amp; Wurstwaren, Honig, Ketchup, Gew\u00fcrze, Nudeln, Weine, Essig &amp; \u00d6le fast ausschlie\u00dflich von regionalen Anbietern. Saisonal bieten wir Ihnen unsere H\u00e4hnchen, Enten\/Erpel und G\u00e4nse aus eigener Freilandhaltung an. Au\u00dferdem bekommen [&hellip;]\" \/>\n<meta property=\"og:url\" content=\"https:\/\/unser-landvolk.de\/?p=218\" \/>\n<meta property=\"og:site_name\" content=\"Unser Landvolk\" \/>\n<meta property=\"article:published_time\" content=\"2021-03-30T09:29:12+00:00\" \/>\n<meta property=\"article:modified_time\" content=\"2021-05-04T12:53:21+00:00\" \/>\n<meta property=\"og:image\" content=\"https:\/\/unser-landvolk.de\/wp-content\/uploads\/2021\/03\/harkopf-title-1.jpg\" \/>\n\t<meta property=\"og:image:width\" content=\"792\" \/>\n\t<meta property=\"og:image:height\" content=\"521\" \/>\n\t<meta property=\"og:image:type\" content=\"image\/jpeg\" \/>\n<meta name=\"author\" content=\"kl\" \/>\n<meta name=\"twitter:card\" content=\"summary_large_image\" \/>\n<meta name=\"twitter:label1\" content=\"Verfasst von\" \/>\n\t<meta name=\"twitter:data1\" content=\"kl\" \/>\n\t<meta name=\"twitter:label2\" content=\"Gesch\u00e4tzte Lesezeit\" \/>\n\t<meta name=\"twitter:data2\" content=\"1\u00a0Minute\" \/>\n<script type=\"application\/ld+json\" class=\"yoast-schema-graph\">{\"@context\":\"https:\\\/\\\/schema.org\",\"@graph\":[{\"@type\":\"Article\",\"@id\":\"https:\\\/\\\/unser-landvolk.de\\\/?p=218#article\",\"isPartOf\":{\"@id\":\"https:\\\/\\\/unser-landvolk.de\\\/?p=218\"},\"author\":{\"name\":\"kl\",\"@id\":\"https:\\\/\\\/unser-landvolk.de\\\/#\\\/schema\\\/person\\\/c0f08f15baa7e436242f280aa06f3c18\"},\"headline\":\"Harkopf\u2018s Hofladen\",\"datePublished\":\"2021-03-30T09:29:12+00:00\",\"dateModified\":\"2021-05-04T12:53:21+00:00\",\"mainEntityOfPage\":{\"@id\":\"https:\\\/\\\/unser-landvolk.de\\\/?p=218\"},\"wordCount\":151,\"publisher\":{\"@id\":\"https:\\\/\\\/unser-landvolk.de\\\/#organization\"},\"image\":{\"@id\":\"https:\\\/\\\/unser-landvolk.de\\\/?p=218#primaryimage\"},\"thumbnailUrl\":\"https:\\\/\\\/unser-landvolk.de\\\/wp-content\\\/uploads\\\/2021\\\/03\\\/harkopf-title-1.jpg\",\"articleSection\":[\"Hofl\u00e4den\"],\"inLanguage\":\"de\"},{\"@type\":\"WebPage\",\"@id\":\"https:\\\/\\\/unser-landvolk.de\\\/?p=218\",\"url\":\"https:\\\/\\\/unser-landvolk.de\\\/?p=218\",\"name\":\"Harkopf\u2018s Hofladen - Unser Landvolk\",\"isPartOf\":{\"@id\":\"https:\\\/\\\/unser-landvolk.de\\\/#website\"},\"primaryImageOfPage\":{\"@id\":\"https:\\\/\\\/unser-landvolk.de\\\/?p=218#primaryimage\"},\"image\":{\"@id\":\"https:\\\/\\\/unser-landvolk.de\\\/?p=218#primaryimage\"},\"thumbnailUrl\":\"https:\\\/\\\/unser-landvolk.de\\\/wp-content\\\/uploads\\\/2021\\\/03\\\/harkopf-title-1.jpg\",\"datePublished\":\"2021-03-30T09:29:12+00:00\",\"dateModified\":\"2021-05-04T12:53:21+00:00\",\"breadcrumb\":{\"@id\":\"https:\\\/\\\/unser-landvolk.de\\\/?p=218#breadcrumb\"},\"inLanguage\":\"de\",\"potentialAction\":[{\"@type\":\"ReadAction\",\"target\":[\"https:\\\/\\\/unser-landvolk.de\\\/?p=218\"]}]},{\"@type\":\"ImageObject\",\"inLanguage\":\"de\",\"@id\":\"https:\\\/\\\/unser-landvolk.de\\\/?p=218#primaryimage\",\"url\":\"https:\\\/\\\/unser-landvolk.de\\\/wp-content\\\/uploads\\\/2021\\\/03\\\/harkopf-title-1.jpg\",\"contentUrl\":\"https:\\\/\\\/unser-landvolk.de\\\/wp-content\\\/uploads\\\/2021\\\/03\\\/harkopf-title-1.jpg\",\"width\":792,\"height\":521},{\"@type\":\"BreadcrumbList\",\"@id\":\"https:\\\/\\\/unser-landvolk.de\\\/?p=218#breadcrumb\",\"itemListElement\":[{\"@type\":\"ListItem\",\"position\":1,\"name\":\"Startseite\",\"item\":\"https:\\\/\\\/unser-landvolk.de\\\/\"},{\"@type\":\"ListItem\",\"position\":2,\"name\":\"Harkopf\u2018s Hofladen\"}]},{\"@type\":\"WebSite\",\"@id\":\"https:\\\/\\\/unser-landvolk.de\\\/#website\",\"url\":\"https:\\\/\\\/unser-landvolk.de\\\/\",\"name\":\"Unser Landvolk\",\"description\":\"Landwirtschaft in Schaumburg\",\"publisher\":{\"@id\":\"https:\\\/\\\/unser-landvolk.de\\\/#organization\"},\"potentialAction\":[{\"@type\":\"SearchAction\",\"target\":{\"@type\":\"EntryPoint\",\"urlTemplate\":\"https:\\\/\\\/unser-landvolk.de\\\/?s={search_term_string}\"},\"query-input\":{\"@type\":\"PropertyValueSpecification\",\"valueRequired\":true,\"valueName\":\"search_term_string\"}}],\"inLanguage\":\"de\"},{\"@type\":\"Organization\",\"@id\":\"https:\\\/\\\/unser-landvolk.de\\\/#organization\",\"name\":\"Unser Landvolk\",\"url\":\"https:\\\/\\\/unser-landvolk.de\\\/\",\"logo\":{\"@type\":\"ImageObject\",\"inLanguage\":\"de\",\"@id\":\"https:\\\/\\\/unser-landvolk.de\\\/#\\\/schema\\\/logo\\\/image\\\/\",\"url\":\"https:\\\/\\\/unser-landvolk.de\\\/wp-content\\\/uploads\\\/2021\\\/05\\\/cropped-header-650x150-1.jpg\",\"contentUrl\":\"https:\\\/\\\/unser-landvolk.de\\\/wp-content\\\/uploads\\\/2021\\\/05\\\/cropped-header-650x150-1.jpg\",\"width\":1355,\"height\":260,\"caption\":\"Unser Landvolk\"},\"image\":{\"@id\":\"https:\\\/\\\/unser-landvolk.de\\\/#\\\/schema\\\/logo\\\/image\\\/\"}},{\"@type\":\"Person\",\"@id\":\"https:\\\/\\\/unser-landvolk.de\\\/#\\\/schema\\\/person\\\/c0f08f15baa7e436242f280aa06f3c18\",\"name\":\"kl\",\"image\":{\"@type\":\"ImageObject\",\"inLanguage\":\"de\",\"@id\":\"https:\\\/\\\/secure.gravatar.com\\\/avatar\\\/95d9efd984da1aabcc8f4ab5e341dc7f5ccd9e4997044adf78d03744f8614cb8?s=96&d=blank&r=g\",\"url\":\"https:\\\/\\\/secure.gravatar.com\\\/avatar\\\/95d9efd984da1aabcc8f4ab5e341dc7f5ccd9e4997044adf78d03744f8614cb8?s=96&d=blank&r=g\",\"contentUrl\":\"https:\\\/\\\/secure.gravatar.com\\\/avatar\\\/95d9efd984da1aabcc8f4ab5e341dc7f5ccd9e4997044adf78d03744f8614cb8?s=96&d=blank&r=g\",\"caption\":\"kl\"},\"sameAs\":[\"http:\\\/\\\/unser-landvolk.de\"],\"url\":\"https:\\\/\\\/unser-landvolk.de\\\/?author=1\"}]}<\/script>\n<!-- \/ Yoast SEO plugin. -->","yoast_head_json":{"title":"Harkopf\u2018s Hofladen - Unser Landvolk","robots":{"index":"index","follow":"follow","max-snippet":"max-snippet:-1","max-image-preview":"max-image-preview:large","max-video-preview":"max-video-preview:-1"},"canonical":"https:\/\/unser-landvolk.de\/?p=218","og_locale":"de_DE","og_type":"article","og_title":"Harkopf\u2018s Hofladen - Unser Landvolk","og_description":"Speisekartoffeln, Fruchtaufstriche &amp; Gelees, S\u00e4fte, Eingemachtes und Kekse aus eigener Herstellung, Eier, Obst &amp; Gem\u00fcse, K\u00e4se, Milch- &amp; Milchprodukte, Fleisch- &amp; Wurstwaren, Honig, Ketchup, Gew\u00fcrze, Nudeln, Weine, Essig &amp; \u00d6le fast ausschlie\u00dflich von regionalen Anbietern. Saisonal bieten wir Ihnen unsere H\u00e4hnchen, Enten\/Erpel und G\u00e4nse aus eigener Freilandhaltung an. Au\u00dferdem bekommen [&hellip;]","og_url":"https:\/\/unser-landvolk.de\/?p=218","og_site_name":"Unser Landvolk","article_published_time":"2021-03-30T09:29:12+00:00","article_modified_time":"2021-05-04T12:53:21+00:00","og_image":[{"width":792,"height":521,"url":"https:\/\/unser-landvolk.de\/wp-content\/uploads\/2021\/03\/harkopf-title-1.jpg","type":"image\/jpeg"}],"author":"kl","twitter_card":"summary_large_image","twitter_misc":{"Verfasst von":"kl","Gesch\u00e4tzte Lesezeit":"1\u00a0Minute"},"schema":{"@context":"https:\/\/schema.org","@graph":[{"@type":"Article","@id":"https:\/\/unser-landvolk.de\/?p=218#article","isPartOf":{"@id":"https:\/\/unser-landvolk.de\/?p=218"},"author":{"name":"kl","@id":"https:\/\/unser-landvolk.de\/#\/schema\/person\/c0f08f15baa7e436242f280aa06f3c18"},"headline":"Harkopf\u2018s Hofladen","datePublished":"2021-03-30T09:29:12+00:00","dateModified":"2021-05-04T12:53:21+00:00","mainEntityOfPage":{"@id":"https:\/\/unser-landvolk.de\/?p=218"},"wordCount":151,"publisher":{"@id":"https:\/\/unser-landvolk.de\/#organization"},"image":{"@id":"https:\/\/unser-landvolk.de\/?p=218#primaryimage"},"thumbnailUrl":"https:\/\/unser-landvolk.de\/wp-content\/uploads\/2021\/03\/harkopf-title-1.jpg","articleSection":["Hofl\u00e4den"],"inLanguage":"de"},{"@type":"WebPage","@id":"https:\/\/unser-landvolk.de\/?p=218","url":"https:\/\/unser-landvolk.de\/?p=218","name":"Harkopf\u2018s Hofladen - Unser Landvolk","isPartOf":{"@id":"https:\/\/unser-landvolk.de\/#website"},"primaryImageOfPage":{"@id":"https:\/\/unser-landvolk.de\/?p=218#primaryimage"},"image":{"@id":"https:\/\/unser-landvolk.de\/?p=218#primaryimage"},"thumbnailUrl":"https:\/\/unser-landvolk.de\/wp-content\/uploads\/2021\/03\/harkopf-title-1.jpg","datePublished":"2021-03-30T09:29:12+00:00","dateModified":"2021-05-04T12:53:21+00:00","breadcrumb":{"@id":"https:\/\/unser-landvolk.de\/?p=218#breadcrumb"},"inLanguage":"de","potentialAction":[{"@type":"ReadAction","target":["https:\/\/unser-landvolk.de\/?p=218"]}]},{"@type":"ImageObject","inLanguage":"de","@id":"https:\/\/unser-landvolk.de\/?p=218#primaryimage","url":"https:\/\/unser-landvolk.de\/wp-content\/uploads\/2021\/03\/harkopf-title-1.jpg","contentUrl":"https:\/\/unser-landvolk.de\/wp-content\/uploads\/2021\/03\/harkopf-title-1.jpg","width":792,"height":521},{"@type":"BreadcrumbList","@id":"https:\/\/unser-landvolk.de\/?p=218#breadcrumb","itemListElement":[{"@type":"ListItem","position":1,"name":"Startseite","item":"https:\/\/unser-landvolk.de\/"},{"@type":"ListItem","position":2,"name":"Harkopf\u2018s Hofladen"}]},{"@type":"WebSite","@id":"https:\/\/unser-landvolk.de\/#website","url":"https:\/\/unser-landvolk.de\/","name":"Unser Landvolk","description":"Landwirtschaft in Schaumburg","publisher":{"@id":"https:\/\/unser-landvolk.de\/#organization"},"potentialAction":[{"@type":"SearchAction","target":{"@type":"EntryPoint","urlTemplate":"https:\/\/unser-landvolk.de\/?s={search_term_string}"},"query-input":{"@type":"PropertyValueSpecification","valueRequired":true,"valueName":"search_term_string"}}],"inLanguage":"de"},{"@type":"Organization","@id":"https:\/\/unser-landvolk.de\/#organization","name":"Unser Landvolk","url":"https:\/\/unser-landvolk.de\/","logo":{"@type":"ImageObject","inLanguage":"de","@id":"https:\/\/unser-landvolk.de\/#\/schema\/logo\/image\/","url":"https:\/\/unser-landvolk.de\/wp-content\/uploads\/2021\/05\/cropped-header-650x150-1.jpg","contentUrl":"https:\/\/unser-landvolk.de\/wp-content\/uploads\/2021\/05\/cropped-header-650x150-1.jpg","width":1355,"height":260,"caption":"Unser Landvolk"},"image":{"@id":"https:\/\/unser-landvolk.de\/#\/schema\/logo\/image\/"}},{"@type":"Person","@id":"https:\/\/unser-landvolk.de\/#\/schema\/person\/c0f08f15baa7e436242f280aa06f3c18","name":"kl","image":{"@type":"ImageObject","inLanguage":"de","@id":"https:\/\/secure.gravatar.com\/avatar\/95d9efd984da1aabcc8f4ab5e341dc7f5ccd9e4997044adf78d03744f8614cb8?s=96&d=blank&r=g","url":"https:\/\/secure.gravatar.com\/avatar\/95d9efd984da1aabcc8f4ab5e341dc7f5ccd9e4997044adf78d03744f8614cb8?s=96&d=blank&r=g","contentUrl":"https:\/\/secure.gravatar.com\/avatar\/95d9efd984da1aabcc8f4ab5e341dc7f5ccd9e4997044adf78d03744f8614cb8?s=96&d=blank&r=g","caption":"kl"},"sameAs":["http:\/\/unser-landvolk.de"],"url":"https:\/\/unser-landvolk.de\/?author=1"}]}},"jetpack_featured_media_url":"https:\/\/unser-landvolk.de\/wp-content\/uploads\/2021\/03\/harkopf-title-1.jpg","_links":{"self":[{"href":"https:\/\/unser-landvolk.de\/index.php?rest_route=\/wp\/v2\/posts\/218","targetHints":{"allow":["GET"]}}],"collection":[{"href":"https:\/\/unser-landvolk.de\/index.php?rest_route=\/wp\/v2\/posts"}],"about":[{"href":"https:\/\/unser-landvolk.de\/index.php?rest_route=\/wp\/v2\/types\/post"}],"author":[{"embeddable":true,"href":"https:\/\/unser-landvolk.de\/index.php?rest_route=\/wp\/v2\/users\/1"}],"replies":[{"embeddable":true,"href":"https:\/\/unser-landvolk.de\/index.php?rest_route=%2Fwp%2Fv2%2Fcomments&post=218"}],"version-history":[{"count":4,"href":"https:\/\/unser-landvolk.de\/index.php?rest_route=\/wp\/v2\/posts\/218\/revisions"}],"predecessor-version":[{"id":354,"href":"https:\/\/unser-landvolk.de\/index.php?rest_route=\/wp\/v2\/posts\/218\/revisions\/354"}],"wp:featuredmedia":[{"embeddable":true,"href":"https:\/\/unser-landvolk.de\/index.php?rest_route=\/wp\/v2\/media\/413"}],"wp:attachment":[{"href":"https:\/\/unser-landvolk.de\/index.php?rest_route=%2Fwp%2Fv2%2Fmedia&parent=218"}],"wp:term":[{"taxonomy":"category","embeddable":true,"href":"https:\/\/unser-landvolk.de\/index.php?rest_route=%2Fwp%2Fv2%2Fcategories&post=218"},{"taxonomy":"post_tag","embeddable":true,"href":"https:\/\/unser-landvolk.de\/index.php?rest_route=%2Fwp%2Fv2%2Ftags&post=218"}],"curies":[{"name":"wp","href":"https:\/\/api.w.org\/{rel}","templated":true}]}}