{"id":181,"date":"2021-03-25T16:11:25","date_gmt":"2021-03-25T15:11:25","guid":{"rendered":"http:\/\/unser-landvolk.de\/?p=181"},"modified":"2021-05-05T11:42:43","modified_gmt":"2021-05-05T09:42:43","slug":"wir-koennen-nur-voneinander-profitieren","status":"publish","type":"post","link":"https:\/\/unser-landvolk.de\/?p=181","title":{"rendered":"\u201eWir k\u00f6nnen nur voneinander profitieren\u201c"},"content":{"rendered":"\n<p>Anfang Februar hatten sich Schaumburger Landwirte und vereinsorganisierte Imker zu einem Stammtisch im Hofcaf\u00e9 Eggelmann getroffen: Auf der Agenda die Frage: Wie k\u00f6nnen wir zuk\u00fcnftig besser miteinander arbeiten, um eines der wichtigsten Insekten unseres \u00d6kosystems \u2013 die Biene \u2013 zu sch\u00fctzen und zu f\u00f6rdern?<\/p>\n\n\n\n<p>Ein gro\u00dfes Problem ist sowohl das Aufbringen von Pestiziden, als auch der Aussaattermin f\u00fcr die Bl\u00fchstreifen: Hier wurde angeregt, Landwirte und Imker aus ihren Orten zusammenzubringen. So k\u00f6nne beispielsweise der Landwirt den Imker informieren, wann er das n\u00e4chste Mal zum Spritzen auf seine Felder f\u00e4hrt. \u201eLandwirte sind da recht spontan, weil sie sich nach den Witterungsverh\u00e4ltnissen richten m\u00fcssen\u201c, erkl\u00e4rt Thomas Wille, Pressesprecher des Landvolks Weserbergland, der die Stammtisch-Premiere in Schaumburg betreut hat.<\/p>\n\n\n\n<p>Weniger spontan ist hingegen der Aussaattermin f\u00fcr sogenannte Bl\u00fchstreifen an den Ackerr\u00e4ndern: vormals auf den 15. April datiert, hat sich das Landwirtschaftsministerium mittlerweile ger\u00fchrt und den Termin auf den 30. April verschoben. Dieser ist f\u00fcr die Landwirte immer noch zu fr\u00fch \u2013 sie hoffen auf den 15. Mai. Im \u00dcbrigen auch, da nicht bl\u00fchende Bl\u00fchstreifen, die als Agrarumweltma\u00dfnahme angelegt wurden, zu massiven Sanktionierungen f\u00fcr Landwirte f\u00fchren k\u00f6nnen.<\/p>\n\n\n\n<p>\u201eDiese mit den Bl\u00fchstreifen einhergehende B\u00fcrokratie ist ein entscheidender Grund daf\u00fcr, warum viele Landwirte die Finger von Bl\u00fchstreifen lassen\u201c, bekr\u00e4ftigt Wille. 2017 gingen viele Saaten nicht auf, da die Witterung im April zu kalt und nass war.<\/p>\n\n\n\n<p>Hinweis: Stichtag f\u00fcr eine erneute \u00dcberpr\u00fcfung des Termins war am 16. April &#8211; aufgrund von Redaktionsschluss ist die neue Information in diesem Artikel noch nicht enthalten.<\/p>\n\n\n\n<p>F\u00fcr die Bienen ist die Aussaat Mitte Mai besonders sinnvoll, da sie sonst im Sommer keine Trachtquellen (geeignete Bl\u00fcten, die Nektar und Pollen bieten) mehr finden. Heiko Schulz vom Imkerverein Stadthagen erkl\u00e4rte, dass Bienen im Fr\u00fchjahr auf Weiden, Obstb\u00e4ume und Raps angewiesen sind. Im Fr\u00fchsommer auf Linde und Himbeere. Ab Mitte Juli biete nur noch der Honigtau von sogenannten Lachniden (Bauml\u00e4use) ein Nahrungsangebot. Dies sei fatal, da von August bis September die sogenannten Winterbienen erbr\u00fctet werden. Diese sind die Arbeiterinnnen, die einen kompletten Winter bis zum folgenden M\u00e4rz oder April \u00fcberleben. Sie haben also eine deutlich l\u00e4ngere Lebenserwartung als die Sommerbiene und pflegen die erste Brut des neuen Jahres. Ein Volk ben\u00f6tigt rund 50 Kilogramm Pollen im Jahr. Zu Beginn der Saison ben\u00f6tigen die Bienen vor allem Fr\u00fchbl\u00fcher \u2013 hier k\u00f6nnen auch Gartenbesitzer mithelfen. Eine geeignete Saatenmischung f\u00fcr Landwirte besteht aus: verschiedenen Kleesorten, Bienenweide (Phacelia), \u00d6lrettich, Flachs und Senf.<\/p>\n\n\n\n<figure class=\"wp-block-image size-large\"><img loading=\"lazy\" decoding=\"async\" width=\"4272\" height=\"2848\" src=\"http:\/\/unser-landvolk.de\/wp-content\/uploads\/2021\/03\/honeycomb-1564956-1.jpg\" alt=\"\" class=\"wp-image-183\"\/><\/figure>\n\n\n\n<h3 class=\"wp-block-heading\"><sup><strong>Kommentar von Anna Giehl, Berufsimkerin, Waldimkerei Schaumburg in Reinsdorf:<\/strong><\/sup><\/h3>\n\n\n\n<p>\u201eLandwirtschaft und Imkerei geh\u00f6ren zusammen und sollten sich gegenseitig befruchten. Traditionell war es fr\u00fcher so, dass Landwirte auf ihrem Hof immer auch einen Bienenstand hatten. In der Heide sieht man es heute noch oft. Bienen, die Obstb\u00e4ume und die Gartenpflanzen befruchteten, und in die Feldmark flogen geh\u00f6rten immer zum Bild der Landwirtschaft. Leider hat durch die zunehmende Spezialisierung im Bereich Landwirtschaft eine Vereinzelung stattgefunden. Jeder denkt an sein kleines Gewerk, sieht aber nicht mehr das Ganze. Viele Imker haben heute auch kein Wissen mehr \u00fcber die einzelnen Naturzusammenh\u00e4nge. Wir d\u00fcrfen die gesamte Landschaft nicht aus dem Blick verlieren \u2013 es greift alles ineinander. Bei Obstbauern sind Bienen noch pr\u00e4sent, weil sie auf deren Best\u00e4ubung angewiesen sind. Im Alten Land arbeiten Imker und Obstbauern eng zusammen, sie erkennen die Wichtigkeit f\u00fcr ihre eigene Wirtschaftlichkeit. Ich denke, wir m\u00fcssen miteinander ins Gespr\u00e4ch kommen.\u201c<\/p>\n\n\n\n<p>Bis jetzt ist noch kein konkretes Datum festgelegt worden, allerdings soll es laut Thomas Wille bald einen zweiten Imker-Landwirte-Stammtisch in Schaumburg geben. W\u00e4hrend das erste Treffen dem gegenseitigen Kennenlernen diente, solle der zweite Termin als Workshop bereits eine praktische Hilfe bieten. In Hameln-Pyrmont hat die Idee aus Schaumburg bereits Schule gemacht \u2013 knapp 70 Landwirte und Imker haben sich dort ausgetauscht.<\/p>\n","protected":false},"excerpt":{"rendered":"<p>Anfang Februar hatten sich Schaumburger Landwirte und vereinsorganisierte Imker zu einem Stammtisch im Hofcaf\u00e9 Eggelmann getroffen: Auf der Agenda die Frage: Wie k\u00f6nnen wir zuk\u00fcnftig besser miteinander arbeiten, um eines der wichtigsten Insekten unseres \u00d6kosystems \u2013 die Biene \u2013 zu sch\u00fctzen und zu f\u00f6rdern? Ein gro\u00dfes Problem ist sowohl das [&hellip;]<\/p>\n","protected":false},"author":1,"featured_media":422,"comment_status":"open","ping_status":"open","sticky":false,"template":"","format":"standard","meta":{"_monsterinsights_skip_tracking":false,"_monsterinsights_sitenote_active":false,"_monsterinsights_sitenote_note":"","_monsterinsights_sitenote_category":0,"spay_email":"","footnotes":""},"categories":[1],"tags":[],"class_list":["post-181","post","type-post","status-publish","format-standard","has-post-thumbnail","hentry","category-archiv"],"yoast_head":"<!-- This site is optimized with the Yoast SEO plugin v27.4 - https:\/\/yoast.com\/product\/yoast-seo-wordpress\/ -->\n<title>\u201eWir k\u00f6nnen nur voneinander profitieren\u201c - Unser Landvolk<\/title>\n<meta name=\"robots\" content=\"index, follow, max-snippet:-1, max-image-preview:large, max-video-preview:-1\" \/>\n<link rel=\"canonical\" href=\"https:\/\/unser-landvolk.de\/?p=181\" \/>\n<meta property=\"og:locale\" content=\"de_DE\" \/>\n<meta property=\"og:type\" content=\"article\" \/>\n<meta property=\"og:title\" content=\"\u201eWir k\u00f6nnen nur voneinander profitieren\u201c - Unser Landvolk\" \/>\n<meta property=\"og:description\" content=\"Anfang Februar hatten sich Schaumburger Landwirte und vereinsorganisierte Imker zu einem Stammtisch im Hofcaf\u00e9 Eggelmann getroffen: Auf der Agenda die Frage: Wie k\u00f6nnen wir zuk\u00fcnftig besser miteinander arbeiten, um eines der wichtigsten Insekten unseres \u00d6kosystems \u2013 die Biene \u2013 zu sch\u00fctzen und zu f\u00f6rdern? Ein gro\u00dfes Problem ist sowohl das [&hellip;]\" \/>\n<meta property=\"og:url\" content=\"https:\/\/unser-landvolk.de\/?p=181\" \/>\n<meta property=\"og:site_name\" content=\"Unser Landvolk\" \/>\n<meta property=\"article:published_time\" content=\"2021-03-25T15:11:25+00:00\" \/>\n<meta property=\"article:modified_time\" content=\"2021-05-05T09:42:43+00:00\" \/>\n<meta property=\"og:image\" content=\"https:\/\/unser-landvolk.de\/wp-content\/uploads\/2021\/03\/biene-2.jpg\" \/>\n\t<meta property=\"og:image:width\" content=\"1083\" \/>\n\t<meta property=\"og:image:height\" content=\"722\" \/>\n\t<meta property=\"og:image:type\" content=\"image\/jpeg\" \/>\n<meta name=\"author\" content=\"kl\" \/>\n<meta name=\"twitter:card\" content=\"summary_large_image\" \/>\n<meta name=\"twitter:label1\" content=\"Verfasst von\" \/>\n\t<meta name=\"twitter:data1\" content=\"kl\" \/>\n\t<meta name=\"twitter:label2\" content=\"Gesch\u00e4tzte Lesezeit\" \/>\n\t<meta name=\"twitter:data2\" content=\"3\u00a0Minuten\" \/>\n<script type=\"application\/ld+json\" class=\"yoast-schema-graph\">{\"@context\":\"https:\\\/\\\/schema.org\",\"@graph\":[{\"@type\":\"Article\",\"@id\":\"https:\\\/\\\/unser-landvolk.de\\\/?p=181#article\",\"isPartOf\":{\"@id\":\"https:\\\/\\\/unser-landvolk.de\\\/?p=181\"},\"author\":{\"name\":\"kl\",\"@id\":\"https:\\\/\\\/unser-landvolk.de\\\/#\\\/schema\\\/person\\\/c0f08f15baa7e436242f280aa06f3c18\"},\"headline\":\"\u201eWir k\u00f6nnen nur voneinander profitieren\u201c\",\"datePublished\":\"2021-03-25T15:11:25+00:00\",\"dateModified\":\"2021-05-05T09:42:43+00:00\",\"mainEntityOfPage\":{\"@id\":\"https:\\\/\\\/unser-landvolk.de\\\/?p=181\"},\"wordCount\":659,\"commentCount\":0,\"publisher\":{\"@id\":\"https:\\\/\\\/unser-landvolk.de\\\/#organization\"},\"image\":{\"@id\":\"https:\\\/\\\/unser-landvolk.de\\\/?p=181#primaryimage\"},\"thumbnailUrl\":\"https:\\\/\\\/unser-landvolk.de\\\/wp-content\\\/uploads\\\/2021\\\/03\\\/biene-2.jpg\",\"articleSection\":[\"Archiv\"],\"inLanguage\":\"de\",\"potentialAction\":[{\"@type\":\"CommentAction\",\"name\":\"Comment\",\"target\":[\"https:\\\/\\\/unser-landvolk.de\\\/?p=181#respond\"]}]},{\"@type\":\"WebPage\",\"@id\":\"https:\\\/\\\/unser-landvolk.de\\\/?p=181\",\"url\":\"https:\\\/\\\/unser-landvolk.de\\\/?p=181\",\"name\":\"\u201eWir k\u00f6nnen nur voneinander profitieren\u201c - Unser Landvolk\",\"isPartOf\":{\"@id\":\"https:\\\/\\\/unser-landvolk.de\\\/#website\"},\"primaryImageOfPage\":{\"@id\":\"https:\\\/\\\/unser-landvolk.de\\\/?p=181#primaryimage\"},\"image\":{\"@id\":\"https:\\\/\\\/unser-landvolk.de\\\/?p=181#primaryimage\"},\"thumbnailUrl\":\"https:\\\/\\\/unser-landvolk.de\\\/wp-content\\\/uploads\\\/2021\\\/03\\\/biene-2.jpg\",\"datePublished\":\"2021-03-25T15:11:25+00:00\",\"dateModified\":\"2021-05-05T09:42:43+00:00\",\"breadcrumb\":{\"@id\":\"https:\\\/\\\/unser-landvolk.de\\\/?p=181#breadcrumb\"},\"inLanguage\":\"de\",\"potentialAction\":[{\"@type\":\"ReadAction\",\"target\":[\"https:\\\/\\\/unser-landvolk.de\\\/?p=181\"]}]},{\"@type\":\"ImageObject\",\"inLanguage\":\"de\",\"@id\":\"https:\\\/\\\/unser-landvolk.de\\\/?p=181#primaryimage\",\"url\":\"https:\\\/\\\/unser-landvolk.de\\\/wp-content\\\/uploads\\\/2021\\\/03\\\/biene-2.jpg\",\"contentUrl\":\"https:\\\/\\\/unser-landvolk.de\\\/wp-content\\\/uploads\\\/2021\\\/03\\\/biene-2.jpg\",\"width\":1083,\"height\":722},{\"@type\":\"BreadcrumbList\",\"@id\":\"https:\\\/\\\/unser-landvolk.de\\\/?p=181#breadcrumb\",\"itemListElement\":[{\"@type\":\"ListItem\",\"position\":1,\"name\":\"Startseite\",\"item\":\"https:\\\/\\\/unser-landvolk.de\\\/\"},{\"@type\":\"ListItem\",\"position\":2,\"name\":\"\u201eWir k\u00f6nnen nur voneinander profitieren\u201c\"}]},{\"@type\":\"WebSite\",\"@id\":\"https:\\\/\\\/unser-landvolk.de\\\/#website\",\"url\":\"https:\\\/\\\/unser-landvolk.de\\\/\",\"name\":\"Unser Landvolk\",\"description\":\"Landwirtschaft in Schaumburg\",\"publisher\":{\"@id\":\"https:\\\/\\\/unser-landvolk.de\\\/#organization\"},\"potentialAction\":[{\"@type\":\"SearchAction\",\"target\":{\"@type\":\"EntryPoint\",\"urlTemplate\":\"https:\\\/\\\/unser-landvolk.de\\\/?s={search_term_string}\"},\"query-input\":{\"@type\":\"PropertyValueSpecification\",\"valueRequired\":true,\"valueName\":\"search_term_string\"}}],\"inLanguage\":\"de\"},{\"@type\":\"Organization\",\"@id\":\"https:\\\/\\\/unser-landvolk.de\\\/#organization\",\"name\":\"Unser Landvolk\",\"url\":\"https:\\\/\\\/unser-landvolk.de\\\/\",\"logo\":{\"@type\":\"ImageObject\",\"inLanguage\":\"de\",\"@id\":\"https:\\\/\\\/unser-landvolk.de\\\/#\\\/schema\\\/logo\\\/image\\\/\",\"url\":\"https:\\\/\\\/unser-landvolk.de\\\/wp-content\\\/uploads\\\/2021\\\/05\\\/cropped-header-650x150-1.jpg\",\"contentUrl\":\"https:\\\/\\\/unser-landvolk.de\\\/wp-content\\\/uploads\\\/2021\\\/05\\\/cropped-header-650x150-1.jpg\",\"width\":1355,\"height\":260,\"caption\":\"Unser Landvolk\"},\"image\":{\"@id\":\"https:\\\/\\\/unser-landvolk.de\\\/#\\\/schema\\\/logo\\\/image\\\/\"}},{\"@type\":\"Person\",\"@id\":\"https:\\\/\\\/unser-landvolk.de\\\/#\\\/schema\\\/person\\\/c0f08f15baa7e436242f280aa06f3c18\",\"name\":\"kl\",\"image\":{\"@type\":\"ImageObject\",\"inLanguage\":\"de\",\"@id\":\"https:\\\/\\\/secure.gravatar.com\\\/avatar\\\/95d9efd984da1aabcc8f4ab5e341dc7f5ccd9e4997044adf78d03744f8614cb8?s=96&d=blank&r=g\",\"url\":\"https:\\\/\\\/secure.gravatar.com\\\/avatar\\\/95d9efd984da1aabcc8f4ab5e341dc7f5ccd9e4997044adf78d03744f8614cb8?s=96&d=blank&r=g\",\"contentUrl\":\"https:\\\/\\\/secure.gravatar.com\\\/avatar\\\/95d9efd984da1aabcc8f4ab5e341dc7f5ccd9e4997044adf78d03744f8614cb8?s=96&d=blank&r=g\",\"caption\":\"kl\"},\"sameAs\":[\"http:\\\/\\\/unser-landvolk.de\"],\"url\":\"https:\\\/\\\/unser-landvolk.de\\\/?author=1\"}]}<\/script>\n<!-- \/ Yoast SEO plugin. -->","yoast_head_json":{"title":"\u201eWir k\u00f6nnen nur voneinander profitieren\u201c - Unser Landvolk","robots":{"index":"index","follow":"follow","max-snippet":"max-snippet:-1","max-image-preview":"max-image-preview:large","max-video-preview":"max-video-preview:-1"},"canonical":"https:\/\/unser-landvolk.de\/?p=181","og_locale":"de_DE","og_type":"article","og_title":"\u201eWir k\u00f6nnen nur voneinander profitieren\u201c - Unser Landvolk","og_description":"Anfang Februar hatten sich Schaumburger Landwirte und vereinsorganisierte Imker zu einem Stammtisch im Hofcaf\u00e9 Eggelmann getroffen: Auf der Agenda die Frage: Wie k\u00f6nnen wir zuk\u00fcnftig besser miteinander arbeiten, um eines der wichtigsten Insekten unseres \u00d6kosystems \u2013 die Biene \u2013 zu sch\u00fctzen und zu f\u00f6rdern? Ein gro\u00dfes Problem ist sowohl das [&hellip;]","og_url":"https:\/\/unser-landvolk.de\/?p=181","og_site_name":"Unser Landvolk","article_published_time":"2021-03-25T15:11:25+00:00","article_modified_time":"2021-05-05T09:42:43+00:00","og_image":[{"width":1083,"height":722,"url":"https:\/\/unser-landvolk.de\/wp-content\/uploads\/2021\/03\/biene-2.jpg","type":"image\/jpeg"}],"author":"kl","twitter_card":"summary_large_image","twitter_misc":{"Verfasst von":"kl","Gesch\u00e4tzte Lesezeit":"3\u00a0Minuten"},"schema":{"@context":"https:\/\/schema.org","@graph":[{"@type":"Article","@id":"https:\/\/unser-landvolk.de\/?p=181#article","isPartOf":{"@id":"https:\/\/unser-landvolk.de\/?p=181"},"author":{"name":"kl","@id":"https:\/\/unser-landvolk.de\/#\/schema\/person\/c0f08f15baa7e436242f280aa06f3c18"},"headline":"\u201eWir k\u00f6nnen nur voneinander profitieren\u201c","datePublished":"2021-03-25T15:11:25+00:00","dateModified":"2021-05-05T09:42:43+00:00","mainEntityOfPage":{"@id":"https:\/\/unser-landvolk.de\/?p=181"},"wordCount":659,"commentCount":0,"publisher":{"@id":"https:\/\/unser-landvolk.de\/#organization"},"image":{"@id":"https:\/\/unser-landvolk.de\/?p=181#primaryimage"},"thumbnailUrl":"https:\/\/unser-landvolk.de\/wp-content\/uploads\/2021\/03\/biene-2.jpg","articleSection":["Archiv"],"inLanguage":"de","potentialAction":[{"@type":"CommentAction","name":"Comment","target":["https:\/\/unser-landvolk.de\/?p=181#respond"]}]},{"@type":"WebPage","@id":"https:\/\/unser-landvolk.de\/?p=181","url":"https:\/\/unser-landvolk.de\/?p=181","name":"\u201eWir k\u00f6nnen nur voneinander profitieren\u201c - Unser Landvolk","isPartOf":{"@id":"https:\/\/unser-landvolk.de\/#website"},"primaryImageOfPage":{"@id":"https:\/\/unser-landvolk.de\/?p=181#primaryimage"},"image":{"@id":"https:\/\/unser-landvolk.de\/?p=181#primaryimage"},"thumbnailUrl":"https:\/\/unser-landvolk.de\/wp-content\/uploads\/2021\/03\/biene-2.jpg","datePublished":"2021-03-25T15:11:25+00:00","dateModified":"2021-05-05T09:42:43+00:00","breadcrumb":{"@id":"https:\/\/unser-landvolk.de\/?p=181#breadcrumb"},"inLanguage":"de","potentialAction":[{"@type":"ReadAction","target":["https:\/\/unser-landvolk.de\/?p=181"]}]},{"@type":"ImageObject","inLanguage":"de","@id":"https:\/\/unser-landvolk.de\/?p=181#primaryimage","url":"https:\/\/unser-landvolk.de\/wp-content\/uploads\/2021\/03\/biene-2.jpg","contentUrl":"https:\/\/unser-landvolk.de\/wp-content\/uploads\/2021\/03\/biene-2.jpg","width":1083,"height":722},{"@type":"BreadcrumbList","@id":"https:\/\/unser-landvolk.de\/?p=181#breadcrumb","itemListElement":[{"@type":"ListItem","position":1,"name":"Startseite","item":"https:\/\/unser-landvolk.de\/"},{"@type":"ListItem","position":2,"name":"\u201eWir k\u00f6nnen nur voneinander profitieren\u201c"}]},{"@type":"WebSite","@id":"https:\/\/unser-landvolk.de\/#website","url":"https:\/\/unser-landvolk.de\/","name":"Unser Landvolk","description":"Landwirtschaft in Schaumburg","publisher":{"@id":"https:\/\/unser-landvolk.de\/#organization"},"potentialAction":[{"@type":"SearchAction","target":{"@type":"EntryPoint","urlTemplate":"https:\/\/unser-landvolk.de\/?s={search_term_string}"},"query-input":{"@type":"PropertyValueSpecification","valueRequired":true,"valueName":"search_term_string"}}],"inLanguage":"de"},{"@type":"Organization","@id":"https:\/\/unser-landvolk.de\/#organization","name":"Unser Landvolk","url":"https:\/\/unser-landvolk.de\/","logo":{"@type":"ImageObject","inLanguage":"de","@id":"https:\/\/unser-landvolk.de\/#\/schema\/logo\/image\/","url":"https:\/\/unser-landvolk.de\/wp-content\/uploads\/2021\/05\/cropped-header-650x150-1.jpg","contentUrl":"https:\/\/unser-landvolk.de\/wp-content\/uploads\/2021\/05\/cropped-header-650x150-1.jpg","width":1355,"height":260,"caption":"Unser Landvolk"},"image":{"@id":"https:\/\/unser-landvolk.de\/#\/schema\/logo\/image\/"}},{"@type":"Person","@id":"https:\/\/unser-landvolk.de\/#\/schema\/person\/c0f08f15baa7e436242f280aa06f3c18","name":"kl","image":{"@type":"ImageObject","inLanguage":"de","@id":"https:\/\/secure.gravatar.com\/avatar\/95d9efd984da1aabcc8f4ab5e341dc7f5ccd9e4997044adf78d03744f8614cb8?s=96&d=blank&r=g","url":"https:\/\/secure.gravatar.com\/avatar\/95d9efd984da1aabcc8f4ab5e341dc7f5ccd9e4997044adf78d03744f8614cb8?s=96&d=blank&r=g","contentUrl":"https:\/\/secure.gravatar.com\/avatar\/95d9efd984da1aabcc8f4ab5e341dc7f5ccd9e4997044adf78d03744f8614cb8?s=96&d=blank&r=g","caption":"kl"},"sameAs":["http:\/\/unser-landvolk.de"],"url":"https:\/\/unser-landvolk.de\/?author=1"}]}},"jetpack_featured_media_url":"https:\/\/unser-landvolk.de\/wp-content\/uploads\/2021\/03\/biene-2.jpg","_links":{"self":[{"href":"https:\/\/unser-landvolk.de\/index.php?rest_route=\/wp\/v2\/posts\/181","targetHints":{"allow":["GET"]}}],"collection":[{"href":"https:\/\/unser-landvolk.de\/index.php?rest_route=\/wp\/v2\/posts"}],"about":[{"href":"https:\/\/unser-landvolk.de\/index.php?rest_route=\/wp\/v2\/types\/post"}],"author":[{"embeddable":true,"href":"https:\/\/unser-landvolk.de\/index.php?rest_route=\/wp\/v2\/users\/1"}],"replies":[{"embeddable":true,"href":"https:\/\/unser-landvolk.de\/index.php?rest_route=%2Fwp%2Fv2%2Fcomments&post=181"}],"version-history":[{"count":1,"href":"https:\/\/unser-landvolk.de\/index.php?rest_route=\/wp\/v2\/posts\/181\/revisions"}],"predecessor-version":[{"id":185,"href":"https:\/\/unser-landvolk.de\/index.php?rest_route=\/wp\/v2\/posts\/181\/revisions\/185"}],"wp:featuredmedia":[{"embeddable":true,"href":"https:\/\/unser-landvolk.de\/index.php?rest_route=\/wp\/v2\/media\/422"}],"wp:attachment":[{"href":"https:\/\/unser-landvolk.de\/index.php?rest_route=%2Fwp%2Fv2%2Fmedia&parent=181"}],"wp:term":[{"taxonomy":"category","embeddable":true,"href":"https:\/\/unser-landvolk.de\/index.php?rest_route=%2Fwp%2Fv2%2Fcategories&post=181"},{"taxonomy":"post_tag","embeddable":true,"href":"https:\/\/unser-landvolk.de\/index.php?rest_route=%2Fwp%2Fv2%2Ftags&post=181"}],"curies":[{"name":"wp","href":"https:\/\/api.w.org\/{rel}","templated":true}]}}