{"id":178,"date":"2021-03-25T16:01:27","date_gmt":"2021-03-25T15:01:27","guid":{"rendered":"http:\/\/unser-landvolk.de\/?p=178"},"modified":"2021-05-05T12:25:12","modified_gmt":"2021-05-05T10:25:12","slug":"stirbt-das-lamm-stirbt-die-natur","status":"publish","type":"post","link":"https:\/\/unser-landvolk.de\/?p=178","title":{"rendered":"\u201eStirbt das Lamm, stirbt die Natur\u201c"},"content":{"rendered":"\n<blockquote class=\"wp-block-quote is-layout-flow wp-block-quote-is-layout-flow\"><p>Wenn man ihn so ansieht, dann sp\u00fcrt man eines sofort: die Ruhe, die er ausstrahlt. Und die ist f\u00fcr seine Arbeit auch zwingend notwendig. <\/p><cite>Daniel Stock ist Sch\u00e4fer<\/cite><\/blockquote>\n\n\n\n<p>Am Rande des Landkreises in He\u00dflingen, das fr\u00fcher zur alten Grafschaft Schaumburg geh\u00f6rte, betreibt er im Vollerwerb eine Schafzucht mit 900 Tieren \u2013 eine Seltenheit. Nur noch wenige hauptberufliche Sch\u00e4fer gibt es in der Region. Und das hat seine Gr\u00fcnde. Zu arbeits- und zeitintensiv ist dieser Beruf und wirkt in unserer schnelllebigen Gegenwart wie aus der Zeit gefallen. Wirtschaftlich sei das Ganze ohnehin nicht, gesteht der der 40-J\u00e4hrige: \u201eVom Mindestlohn bin ich weit entfernt, wenn ich Zeit, Kosten und Gewinn zusammenrechne.\u201c Es sei eben eine Passion. Gepackt habe diese ihn schon mit gerade einmal zehn Jahren, als er sein erstes Mutterschaf bekommen hat und damit sukzessive anfing, seine Herde zu erweitern.<\/p>\n\n\n\n<p>Seine Motivation f\u00fcr den Beruf des Sch\u00e4fers beziehe Stock auch aus der h\u00f6heren Bedeutung, die er mit seinen weidendenden Schafen bezwecke. Es gehe ihm n\u00e4mlich auch um Naturschutz und den Erhalt der historisch gewachsenen Kulturlandschaft, wie er deutlich macht. Auf den rund 120 Hektar Fl\u00e4che, auf denen seine Merinoland- und Schwarzkopf-Rassen grasen, komme es n\u00e4mlich nicht zur Verbuschung der Fl\u00e4chen. Denn gerade in den steilen Hanglagen des Weserberglandes sei ein mechanischer Grasschnitt \u00fcberhaupt nicht m\u00f6glich \u2013 diese Aufgabe \u00fcbernehmen die Tiere, erkl\u00e4rt Stock. Ohne sie w\u00fcrden auf den Weiden dann statt Gras schnell buschartige Pflanzen dominieren, die mit einem erheblichen Schattenwurf einhergingen. Der Lebensraum von teils gesch\u00fctzten und stark angepassten Tieren w\u00e4re dort verschwunden, artenreiches Gr\u00fcnland minimiert. \u201eEs ist nicht \u00fcbertrieben zu sagen: Stirbt das Lamm, stirbt die Natur\u201c, fasst der Sch\u00e4fer die Bedeutung der Weidehaltung zusammen. Auch w\u00fcrden die Schafe als nat\u00fcrliche D\u00fcngelieferanten fungieren, wovon wiederrum die Insektenwelt stark profitiere.<\/p>\n\n\n\n<p>Bauchschmerzen bereite es Stock in der letzten Zeit aber vermehrt, wenn er an die zunehmende Ausbreitung des Wolfes in Niedersachsen denken m\u00fcsse. \u201e Meine Schafe sind ein dankbares und einfaches Ziel f\u00fcr den Wolf\u201c, gr\u00fcbelt der Sch\u00e4fer mit betretener Miene. \u201eIch hoffe sehr\u201c, sagt Stock, \u201edass sich der Wolf hier kein Revier sucht\u201c. Sonst k\u00f6nne es sein, dass er \u00f6fter mal verletzte oder tote Tiere beim Betreten der Weiden vorfinde \u2013 so wie das in anderen Regionen Niedersachsens bereits regelm\u00e4\u00dfig der Fall ist.<\/p>\n\n\n\n<p>Unabh\u00e4ngig von den zuk\u00fcnftigen Problemen durch den Wolf w\u00fcnscht sich der He\u00dflinger eine deutlich st\u00e4rkere Unterst\u00fctzung. Zum einen durch eine Einf\u00fchrung einer Weidepr\u00e4mie, die die Politik als \u201eMutterschaftspr\u00e4mie\u201c abgeschafft hatte. Und zum anderen auch durch mehr Verst\u00e4ndnis durch seine Mitmenschen, sollte es mal f\u00fcnf Minuten dauern, bis die Tiere von der Stra\u00dfe auf die Weide getrieben wurden.<\/p>\n\n\n\n<p>Dem passionierten Sch\u00e4fer und unserer Natur jedenfalls w\u00e4re es nur zu w\u00fcnschen, wenn die Weidetierhaltung erhalten bliebe. Text\/Foto: wi<\/p>\n","protected":false},"excerpt":{"rendered":"<p>Wenn man ihn so ansieht, dann sp\u00fcrt man eines sofort: die Ruhe, die er ausstrahlt. Und die ist f\u00fcr seine Arbeit auch zwingend notwendig. Daniel Stock ist Sch\u00e4fer Am Rande des Landkreises in He\u00dflingen, das fr\u00fcher zur alten Grafschaft Schaumburg geh\u00f6rte, betreibt er im Vollerwerb eine Schafzucht mit 900 Tieren [&hellip;]<\/p>\n","protected":false},"author":1,"featured_media":421,"comment_status":"closed","ping_status":"open","sticky":false,"template":"","format":"standard","meta":{"_monsterinsights_skip_tracking":false,"_monsterinsights_sitenote_active":false,"_monsterinsights_sitenote_note":"","_monsterinsights_sitenote_category":0,"spay_email":"","footnotes":""},"categories":[1],"tags":[],"class_list":["post-178","post","type-post","status-publish","format-standard","has-post-thumbnail","hentry","category-archiv"],"yoast_head":"<!-- This site is optimized with the Yoast SEO plugin v27.4 - https:\/\/yoast.com\/product\/yoast-seo-wordpress\/ -->\n<title>\u201eStirbt das Lamm, stirbt die Natur\u201c - Unser Landvolk<\/title>\n<meta name=\"robots\" content=\"index, follow, max-snippet:-1, max-image-preview:large, max-video-preview:-1\" \/>\n<link rel=\"canonical\" href=\"https:\/\/unser-landvolk.de\/?p=178\" \/>\n<meta property=\"og:locale\" content=\"de_DE\" \/>\n<meta property=\"og:type\" content=\"article\" \/>\n<meta property=\"og:title\" content=\"\u201eStirbt das Lamm, stirbt die Natur\u201c - Unser Landvolk\" \/>\n<meta property=\"og:description\" content=\"Wenn man ihn so ansieht, dann sp\u00fcrt man eines sofort: die Ruhe, die er ausstrahlt. Und die ist f\u00fcr seine Arbeit auch zwingend notwendig. Daniel Stock ist Sch\u00e4fer Am Rande des Landkreises in He\u00dflingen, das fr\u00fcher zur alten Grafschaft Schaumburg geh\u00f6rte, betreibt er im Vollerwerb eine Schafzucht mit 900 Tieren [&hellip;]\" \/>\n<meta property=\"og:url\" content=\"https:\/\/unser-landvolk.de\/?p=178\" \/>\n<meta property=\"og:site_name\" content=\"Unser Landvolk\" \/>\n<meta property=\"article:published_time\" content=\"2021-03-25T15:01:27+00:00\" \/>\n<meta property=\"article:modified_time\" content=\"2021-05-05T10:25:12+00:00\" \/>\n<meta property=\"og:image\" content=\"https:\/\/unser-landvolk.de\/wp-content\/uploads\/2021\/03\/schaefer-1-1024x683.jpg\" \/>\n\t<meta property=\"og:image:width\" content=\"1024\" \/>\n\t<meta property=\"og:image:height\" content=\"683\" \/>\n\t<meta property=\"og:image:type\" content=\"image\/jpeg\" \/>\n<meta name=\"author\" content=\"kl\" \/>\n<meta name=\"twitter:card\" content=\"summary_large_image\" \/>\n<meta name=\"twitter:label1\" content=\"Verfasst von\" \/>\n\t<meta name=\"twitter:data1\" content=\"kl\" \/>\n\t<meta name=\"twitter:label2\" content=\"Gesch\u00e4tzte Lesezeit\" \/>\n\t<meta name=\"twitter:data2\" content=\"2\u00a0Minuten\" \/>\n<script type=\"application\/ld+json\" class=\"yoast-schema-graph\">{\"@context\":\"https:\\\/\\\/schema.org\",\"@graph\":[{\"@type\":\"Article\",\"@id\":\"https:\\\/\\\/unser-landvolk.de\\\/?p=178#article\",\"isPartOf\":{\"@id\":\"https:\\\/\\\/unser-landvolk.de\\\/?p=178\"},\"author\":{\"name\":\"kl\",\"@id\":\"https:\\\/\\\/unser-landvolk.de\\\/#\\\/schema\\\/person\\\/c0f08f15baa7e436242f280aa06f3c18\"},\"headline\":\"\u201eStirbt das Lamm, stirbt die Natur\u201c\",\"datePublished\":\"2021-03-25T15:01:27+00:00\",\"dateModified\":\"2021-05-05T10:25:12+00:00\",\"mainEntityOfPage\":{\"@id\":\"https:\\\/\\\/unser-landvolk.de\\\/?p=178\"},\"wordCount\":497,\"publisher\":{\"@id\":\"https:\\\/\\\/unser-landvolk.de\\\/#organization\"},\"image\":{\"@id\":\"https:\\\/\\\/unser-landvolk.de\\\/?p=178#primaryimage\"},\"thumbnailUrl\":\"https:\\\/\\\/unser-landvolk.de\\\/wp-content\\\/uploads\\\/2021\\\/03\\\/schaefer-1.jpg\",\"articleSection\":[\"Archiv\"],\"inLanguage\":\"de\"},{\"@type\":\"WebPage\",\"@id\":\"https:\\\/\\\/unser-landvolk.de\\\/?p=178\",\"url\":\"https:\\\/\\\/unser-landvolk.de\\\/?p=178\",\"name\":\"\u201eStirbt das Lamm, stirbt die Natur\u201c - Unser Landvolk\",\"isPartOf\":{\"@id\":\"https:\\\/\\\/unser-landvolk.de\\\/#website\"},\"primaryImageOfPage\":{\"@id\":\"https:\\\/\\\/unser-landvolk.de\\\/?p=178#primaryimage\"},\"image\":{\"@id\":\"https:\\\/\\\/unser-landvolk.de\\\/?p=178#primaryimage\"},\"thumbnailUrl\":\"https:\\\/\\\/unser-landvolk.de\\\/wp-content\\\/uploads\\\/2021\\\/03\\\/schaefer-1.jpg\",\"datePublished\":\"2021-03-25T15:01:27+00:00\",\"dateModified\":\"2021-05-05T10:25:12+00:00\",\"breadcrumb\":{\"@id\":\"https:\\\/\\\/unser-landvolk.de\\\/?p=178#breadcrumb\"},\"inLanguage\":\"de\",\"potentialAction\":[{\"@type\":\"ReadAction\",\"target\":[\"https:\\\/\\\/unser-landvolk.de\\\/?p=178\"]}]},{\"@type\":\"ImageObject\",\"inLanguage\":\"de\",\"@id\":\"https:\\\/\\\/unser-landvolk.de\\\/?p=178#primaryimage\",\"url\":\"https:\\\/\\\/unser-landvolk.de\\\/wp-content\\\/uploads\\\/2021\\\/03\\\/schaefer-1.jpg\",\"contentUrl\":\"https:\\\/\\\/unser-landvolk.de\\\/wp-content\\\/uploads\\\/2021\\\/03\\\/schaefer-1.jpg\",\"width\":1621,\"height\":1081},{\"@type\":\"BreadcrumbList\",\"@id\":\"https:\\\/\\\/unser-landvolk.de\\\/?p=178#breadcrumb\",\"itemListElement\":[{\"@type\":\"ListItem\",\"position\":1,\"name\":\"Startseite\",\"item\":\"https:\\\/\\\/unser-landvolk.de\\\/\"},{\"@type\":\"ListItem\",\"position\":2,\"name\":\"\u201eStirbt das Lamm, stirbt die Natur\u201c\"}]},{\"@type\":\"WebSite\",\"@id\":\"https:\\\/\\\/unser-landvolk.de\\\/#website\",\"url\":\"https:\\\/\\\/unser-landvolk.de\\\/\",\"name\":\"Unser Landvolk\",\"description\":\"Landwirtschaft in Schaumburg\",\"publisher\":{\"@id\":\"https:\\\/\\\/unser-landvolk.de\\\/#organization\"},\"potentialAction\":[{\"@type\":\"SearchAction\",\"target\":{\"@type\":\"EntryPoint\",\"urlTemplate\":\"https:\\\/\\\/unser-landvolk.de\\\/?s={search_term_string}\"},\"query-input\":{\"@type\":\"PropertyValueSpecification\",\"valueRequired\":true,\"valueName\":\"search_term_string\"}}],\"inLanguage\":\"de\"},{\"@type\":\"Organization\",\"@id\":\"https:\\\/\\\/unser-landvolk.de\\\/#organization\",\"name\":\"Unser Landvolk\",\"url\":\"https:\\\/\\\/unser-landvolk.de\\\/\",\"logo\":{\"@type\":\"ImageObject\",\"inLanguage\":\"de\",\"@id\":\"https:\\\/\\\/unser-landvolk.de\\\/#\\\/schema\\\/logo\\\/image\\\/\",\"url\":\"https:\\\/\\\/unser-landvolk.de\\\/wp-content\\\/uploads\\\/2021\\\/05\\\/cropped-header-650x150-1.jpg\",\"contentUrl\":\"https:\\\/\\\/unser-landvolk.de\\\/wp-content\\\/uploads\\\/2021\\\/05\\\/cropped-header-650x150-1.jpg\",\"width\":1355,\"height\":260,\"caption\":\"Unser Landvolk\"},\"image\":{\"@id\":\"https:\\\/\\\/unser-landvolk.de\\\/#\\\/schema\\\/logo\\\/image\\\/\"}},{\"@type\":\"Person\",\"@id\":\"https:\\\/\\\/unser-landvolk.de\\\/#\\\/schema\\\/person\\\/c0f08f15baa7e436242f280aa06f3c18\",\"name\":\"kl\",\"image\":{\"@type\":\"ImageObject\",\"inLanguage\":\"de\",\"@id\":\"https:\\\/\\\/secure.gravatar.com\\\/avatar\\\/95d9efd984da1aabcc8f4ab5e341dc7f5ccd9e4997044adf78d03744f8614cb8?s=96&d=blank&r=g\",\"url\":\"https:\\\/\\\/secure.gravatar.com\\\/avatar\\\/95d9efd984da1aabcc8f4ab5e341dc7f5ccd9e4997044adf78d03744f8614cb8?s=96&d=blank&r=g\",\"contentUrl\":\"https:\\\/\\\/secure.gravatar.com\\\/avatar\\\/95d9efd984da1aabcc8f4ab5e341dc7f5ccd9e4997044adf78d03744f8614cb8?s=96&d=blank&r=g\",\"caption\":\"kl\"},\"sameAs\":[\"http:\\\/\\\/unser-landvolk.de\"],\"url\":\"https:\\\/\\\/unser-landvolk.de\\\/?author=1\"}]}<\/script>\n<!-- \/ Yoast SEO plugin. -->","yoast_head_json":{"title":"\u201eStirbt das Lamm, stirbt die Natur\u201c - Unser Landvolk","robots":{"index":"index","follow":"follow","max-snippet":"max-snippet:-1","max-image-preview":"max-image-preview:large","max-video-preview":"max-video-preview:-1"},"canonical":"https:\/\/unser-landvolk.de\/?p=178","og_locale":"de_DE","og_type":"article","og_title":"\u201eStirbt das Lamm, stirbt die Natur\u201c - Unser Landvolk","og_description":"Wenn man ihn so ansieht, dann sp\u00fcrt man eines sofort: die Ruhe, die er ausstrahlt. Und die ist f\u00fcr seine Arbeit auch zwingend notwendig. Daniel Stock ist Sch\u00e4fer Am Rande des Landkreises in He\u00dflingen, das fr\u00fcher zur alten Grafschaft Schaumburg geh\u00f6rte, betreibt er im Vollerwerb eine Schafzucht mit 900 Tieren [&hellip;]","og_url":"https:\/\/unser-landvolk.de\/?p=178","og_site_name":"Unser Landvolk","article_published_time":"2021-03-25T15:01:27+00:00","article_modified_time":"2021-05-05T10:25:12+00:00","og_image":[{"width":1024,"height":683,"url":"https:\/\/unser-landvolk.de\/wp-content\/uploads\/2021\/03\/schaefer-1-1024x683.jpg","type":"image\/jpeg"}],"author":"kl","twitter_card":"summary_large_image","twitter_misc":{"Verfasst von":"kl","Gesch\u00e4tzte Lesezeit":"2\u00a0Minuten"},"schema":{"@context":"https:\/\/schema.org","@graph":[{"@type":"Article","@id":"https:\/\/unser-landvolk.de\/?p=178#article","isPartOf":{"@id":"https:\/\/unser-landvolk.de\/?p=178"},"author":{"name":"kl","@id":"https:\/\/unser-landvolk.de\/#\/schema\/person\/c0f08f15baa7e436242f280aa06f3c18"},"headline":"\u201eStirbt das Lamm, stirbt die Natur\u201c","datePublished":"2021-03-25T15:01:27+00:00","dateModified":"2021-05-05T10:25:12+00:00","mainEntityOfPage":{"@id":"https:\/\/unser-landvolk.de\/?p=178"},"wordCount":497,"publisher":{"@id":"https:\/\/unser-landvolk.de\/#organization"},"image":{"@id":"https:\/\/unser-landvolk.de\/?p=178#primaryimage"},"thumbnailUrl":"https:\/\/unser-landvolk.de\/wp-content\/uploads\/2021\/03\/schaefer-1.jpg","articleSection":["Archiv"],"inLanguage":"de"},{"@type":"WebPage","@id":"https:\/\/unser-landvolk.de\/?p=178","url":"https:\/\/unser-landvolk.de\/?p=178","name":"\u201eStirbt das Lamm, stirbt die Natur\u201c - Unser Landvolk","isPartOf":{"@id":"https:\/\/unser-landvolk.de\/#website"},"primaryImageOfPage":{"@id":"https:\/\/unser-landvolk.de\/?p=178#primaryimage"},"image":{"@id":"https:\/\/unser-landvolk.de\/?p=178#primaryimage"},"thumbnailUrl":"https:\/\/unser-landvolk.de\/wp-content\/uploads\/2021\/03\/schaefer-1.jpg","datePublished":"2021-03-25T15:01:27+00:00","dateModified":"2021-05-05T10:25:12+00:00","breadcrumb":{"@id":"https:\/\/unser-landvolk.de\/?p=178#breadcrumb"},"inLanguage":"de","potentialAction":[{"@type":"ReadAction","target":["https:\/\/unser-landvolk.de\/?p=178"]}]},{"@type":"ImageObject","inLanguage":"de","@id":"https:\/\/unser-landvolk.de\/?p=178#primaryimage","url":"https:\/\/unser-landvolk.de\/wp-content\/uploads\/2021\/03\/schaefer-1.jpg","contentUrl":"https:\/\/unser-landvolk.de\/wp-content\/uploads\/2021\/03\/schaefer-1.jpg","width":1621,"height":1081},{"@type":"BreadcrumbList","@id":"https:\/\/unser-landvolk.de\/?p=178#breadcrumb","itemListElement":[{"@type":"ListItem","position":1,"name":"Startseite","item":"https:\/\/unser-landvolk.de\/"},{"@type":"ListItem","position":2,"name":"\u201eStirbt das Lamm, stirbt die Natur\u201c"}]},{"@type":"WebSite","@id":"https:\/\/unser-landvolk.de\/#website","url":"https:\/\/unser-landvolk.de\/","name":"Unser Landvolk","description":"Landwirtschaft in Schaumburg","publisher":{"@id":"https:\/\/unser-landvolk.de\/#organization"},"potentialAction":[{"@type":"SearchAction","target":{"@type":"EntryPoint","urlTemplate":"https:\/\/unser-landvolk.de\/?s={search_term_string}"},"query-input":{"@type":"PropertyValueSpecification","valueRequired":true,"valueName":"search_term_string"}}],"inLanguage":"de"},{"@type":"Organization","@id":"https:\/\/unser-landvolk.de\/#organization","name":"Unser Landvolk","url":"https:\/\/unser-landvolk.de\/","logo":{"@type":"ImageObject","inLanguage":"de","@id":"https:\/\/unser-landvolk.de\/#\/schema\/logo\/image\/","url":"https:\/\/unser-landvolk.de\/wp-content\/uploads\/2021\/05\/cropped-header-650x150-1.jpg","contentUrl":"https:\/\/unser-landvolk.de\/wp-content\/uploads\/2021\/05\/cropped-header-650x150-1.jpg","width":1355,"height":260,"caption":"Unser Landvolk"},"image":{"@id":"https:\/\/unser-landvolk.de\/#\/schema\/logo\/image\/"}},{"@type":"Person","@id":"https:\/\/unser-landvolk.de\/#\/schema\/person\/c0f08f15baa7e436242f280aa06f3c18","name":"kl","image":{"@type":"ImageObject","inLanguage":"de","@id":"https:\/\/secure.gravatar.com\/avatar\/95d9efd984da1aabcc8f4ab5e341dc7f5ccd9e4997044adf78d03744f8614cb8?s=96&d=blank&r=g","url":"https:\/\/secure.gravatar.com\/avatar\/95d9efd984da1aabcc8f4ab5e341dc7f5ccd9e4997044adf78d03744f8614cb8?s=96&d=blank&r=g","contentUrl":"https:\/\/secure.gravatar.com\/avatar\/95d9efd984da1aabcc8f4ab5e341dc7f5ccd9e4997044adf78d03744f8614cb8?s=96&d=blank&r=g","caption":"kl"},"sameAs":["http:\/\/unser-landvolk.de"],"url":"https:\/\/unser-landvolk.de\/?author=1"}]}},"jetpack_featured_media_url":"https:\/\/unser-landvolk.de\/wp-content\/uploads\/2021\/03\/schaefer-1.jpg","_links":{"self":[{"href":"https:\/\/unser-landvolk.de\/index.php?rest_route=\/wp\/v2\/posts\/178","targetHints":{"allow":["GET"]}}],"collection":[{"href":"https:\/\/unser-landvolk.de\/index.php?rest_route=\/wp\/v2\/posts"}],"about":[{"href":"https:\/\/unser-landvolk.de\/index.php?rest_route=\/wp\/v2\/types\/post"}],"author":[{"embeddable":true,"href":"https:\/\/unser-landvolk.de\/index.php?rest_route=\/wp\/v2\/users\/1"}],"replies":[{"embeddable":true,"href":"https:\/\/unser-landvolk.de\/index.php?rest_route=%2Fwp%2Fv2%2Fcomments&post=178"}],"version-history":[{"count":1,"href":"https:\/\/unser-landvolk.de\/index.php?rest_route=\/wp\/v2\/posts\/178\/revisions"}],"predecessor-version":[{"id":180,"href":"https:\/\/unser-landvolk.de\/index.php?rest_route=\/wp\/v2\/posts\/178\/revisions\/180"}],"wp:featuredmedia":[{"embeddable":true,"href":"https:\/\/unser-landvolk.de\/index.php?rest_route=\/wp\/v2\/media\/421"}],"wp:attachment":[{"href":"https:\/\/unser-landvolk.de\/index.php?rest_route=%2Fwp%2Fv2%2Fmedia&parent=178"}],"wp:term":[{"taxonomy":"category","embeddable":true,"href":"https:\/\/unser-landvolk.de\/index.php?rest_route=%2Fwp%2Fv2%2Fcategories&post=178"},{"taxonomy":"post_tag","embeddable":true,"href":"https:\/\/unser-landvolk.de\/index.php?rest_route=%2Fwp%2Fv2%2Ftags&post=178"}],"curies":[{"name":"wp","href":"https:\/\/api.w.org\/{rel}","templated":true}]}}