{"id":167,"date":"2021-03-25T08:42:06","date_gmt":"2021-03-25T07:42:06","guid":{"rendered":"http:\/\/unser-landvolk.de\/?p=167"},"modified":"2021-05-05T12:25:11","modified_gmt":"2021-05-05T10:25:11","slug":"was-tun-wenn-die-letzten-sommer-keine-ausnahmen-waren","status":"publish","type":"post","link":"https:\/\/unser-landvolk.de\/?p=167","title":{"rendered":"Was tun, wenn die letzten Sommer keine Ausnahmen waren?"},"content":{"rendered":"\n<p>Vertrocknete Wiesen und Felder, Futter- und Wasserknappheit von Weidetieren \u2013 mit diesen Problemen mussten sich viele Landwirte im vergangenen Hitzesommer 2018 besch\u00e4ftigten. Aber auch in diesem Jahr ging es in dieselbe Richtung. In der landwirtschaftlichen Planung stellt sich deshalb die gro\u00dfe Frage: Was, wenn die aktuellen Klimabedingungen keine Ausnahmen, keine Ausrei\u00dfer im Jahrhundertvergleich, sondern zuk\u00fcnftig wohl eher die Regel sein werden?<\/p>\n\n\n\n<p>Hier\u00fcber haben wir mit Christoph Bebermeier gesprochen. Der Gesch\u00e4ftsf\u00fchrer der Landberatung Schaumburg ber\u00e4t Landwirte n\u00e4mlich in genau solchen Fragen.<\/p>\n\n\n\n<p>Doch, macht Bebermeier gleich zu Beginn klar: \u201eAls Landwirt hast du kaum eine wirkliche M\u00f6glichkeit, um auf das Wetter zu reagieren.\u201c Zumindest nicht kurzfristig. Denn: Die betriebswirtschaftliche wie technische Ausrichtung der landwirtschaftlichen Betriebe sei in unserer Region \u201enicht mal eben so zu ver\u00e4ndern\u201c. Als sogenannte \u201eM\u00e4hdruschbetriebe\u201c seien sie schlie\u00dflich alle auf die Erzeugung von Weizen, Raps, Mais oder Zuckerr\u00fcben spezialisiert. \u201eDarauf ist alles ausgerichtet und abgestimmt\u201c, erkl\u00e4rt Bebermeier.<\/p>\n\n\n\n<p>Und dort f\u00e4ngt das gro\u00dfe Problem an. Mit den ver\u00e4nderten klimatischen Voraussetzungen w\u00fcrden die altbew\u00e4hrten Ackerfr\u00fcchte und ihre Fruchfolgen im Anbau einfach nicht mehr so gedeihen wie bislang. Raps beispielsweise, wei\u00df Gesch\u00e4ftsf\u00fchrer Bebermeier zu berichten, habe sein letztes gutes Jahr im Landkreis bereits f\u00fcnf Jahre hinter sich. Die Ernteertr\u00e4ge seien seitdem kontinuierlich schlechter geworden. \u201eDer Ertragsr\u00fcckgang hat aus meiner Sicht haupts\u00e4chlich mit dem Wetter zu tun\u201c, bewertet er die Situation. In Schleswig-Holstein, wo die Pflanze traditionell herkam, stehe sie deutlich besser da. Die Konsequenz daraus: Raps verschwinde bei vielen Betrieben zunehmend aus dem Portfolio. Bei denjenigen Landwirten, die weiter auf ihn setzen w\u00fcrden, steige das Risiko von Ernteausf\u00e4llen und dementsprechend Minusgesch\u00e4ften. Bioraps komme aus diesen Gr\u00fcnden in Deutschland so gut wie gar nicht vor.<\/p>\n\n\n\n<p>Neben dem Verlust des erfrischenden Gelbs in der Landschaft, das uns allen als Vorboten des Sommers Freude macht (Allergiker ausgenommen), ist dies durchaus auch f\u00fcr die Insektenwelt ein herber Verlust. Ihnen wird mehr und mehr ein Nahrungsangebot in unserer Kulturlandschaft fehlen.<\/p>\n\n\n\n<p>Aus Sicht des Experten gebe es aber auch Alternativen, auf die man als Landwirt zur\u00fcckgreifen k\u00f6nne: Mais und Zuckerr\u00fcben etwa. Beide Fr\u00fcchte stammen urspr\u00fcnglich aus S\u00fcdamerika und kommen mit hei\u00dfen Temperaturen gut zurecht. Bebermeier erg\u00e4nzt allerdings mit der Fu\u00dfnote: beide ben\u00f6tigen gleichwohl ausreichend Wasser. Und um dieses war es auch in diesem Jahr alles andere als gut bestellt. Das Schaumburger Land mit seinen \u00fcberwiegend \u201eschweren B\u00f6den\u201c, die mehr und l\u00e4nger Wasser speichern k\u00f6nnten als anderswo, habe aber noch Gl\u00fcck. Das Auetal allerdings sei eine Ausnahme, verr\u00e4t Bebermeier, \u201eweil die B\u00f6den dort nicht sehr wasserspeichernd sind\u201c. Der Anbau von Mais oder Leguminosen wie Erbsen oder Bohnen sei also nicht besonders lukrativ.<\/p>\n\n\n\n<p>Wichtig sei n\u00e4mlich immer eines, und das gibt der Landberatungs-Gesch\u00e4ftsf\u00fchrer seinen Mitgliedern in der Beratung auch immer mit auf den Weg: Sorte und Kultur, die angebaut werden, m\u00fcssten verl\u00e4ssliche Ertr\u00e4ge liefern. Nach zwei Durstjahren in Folge komme man selbst als gut aufgestellter Betrieb sonst schnell an seine Liquidit\u00e4tsgrenzen.<\/p>\n\n\n\n<p>Eine andere M\u00f6glichkeit, sich den zuk\u00fcnftigen Wetterverh\u00e4ltnissen anzupassen, verspricht die Technik. \u201eWenn das Wasser weniger wird, bearbeiten wir die B\u00f6den maschinell auch anders\u201c, erkl\u00e4rt Bebermeier. Aber das k\u00f6nne nur ein kleines Puzzlest\u00fcck sein, um zuk\u00fcnftig wasserschonender zu arbeiten.<\/p>\n\n\n\n<p>Gegen eine Sorge, die die Landwirte umtreibe, d\u00fcrfte allerdings auch das nicht helfen. Denn nicht nur ergeben sich durch ein w\u00e4rmeres Klima neue M\u00f6glichkeiten an Ackerkulturen, unseren Breiten droht auf der anderen Seite auch ein v\u00f6llig unbekannter Befallsdruck durch neue Arten von Pilzen und Sch\u00e4dlingen. Betroffen hiervon, erkl\u00e4rt Experte Bebermeier, sei inzwischen auch der Mais, der \u2013 im Gegensatz zum Raps beispielsweise \u2013 kaum mit Krankheiten oder Sch\u00e4dlingen zu k\u00e4mpfen h\u00e4tte. Gerade das zeichne auch die Attraktivit\u00e4t des Maises im landwirtschaftlichen Anbau aus. Von S\u00fcddeutschland nach Norden wandernd habe man es im Mais seit wenigen Jahren aber auch hier mit dem Maisz\u00fcnsler zu tun. Ein unscheinbarer grau-brauner Schmetterling, der bis zu 50 Prozent des Ertrages vernichten k\u00f6nne. Nicht anders sehe es bei anderen Fr\u00fcchten aus. \u201eUmso w\u00e4rmer es wird, desto mehr Sch\u00e4dlingen werden auch wir haben\u201c, sch\u00e4tzt Bebermeier die Situation ein. Wohin die Reise geht, k\u00f6nnten deshalb wohl erst die n\u00e4chsten Jahre zeigen. Text\/Foto: wi<\/p>\n\n\n\n<p><\/p>\n","protected":false},"excerpt":{"rendered":"<p>Vertrocknete Wiesen und Felder, Futter- und Wasserknappheit von Weidetieren \u2013 mit diesen Problemen mussten sich viele Landwirte im vergangenen Hitzesommer 2018 besch\u00e4ftigten. Aber auch in diesem Jahr ging es in dieselbe Richtung. In der landwirtschaftlichen Planung stellt sich deshalb die gro\u00dfe Frage: Was, wenn die aktuellen Klimabedingungen keine Ausnahmen, keine [&hellip;]<\/p>\n","protected":false},"author":1,"featured_media":425,"comment_status":"open","ping_status":"open","sticky":false,"template":"","format":"standard","meta":{"_monsterinsights_skip_tracking":false,"_monsterinsights_sitenote_active":false,"_monsterinsights_sitenote_note":"","_monsterinsights_sitenote_category":0,"spay_email":"","footnotes":""},"categories":[1],"tags":[],"class_list":["post-167","post","type-post","status-publish","format-standard","has-post-thumbnail","hentry","category-archiv"],"yoast_head":"<!-- This site is optimized with the Yoast SEO plugin v27.5 - https:\/\/yoast.com\/product\/yoast-seo-wordpress\/ -->\n<title>Was tun, wenn die letzten Sommer keine Ausnahmen waren? - Unser Landvolk<\/title>\n<meta name=\"robots\" content=\"index, follow, max-snippet:-1, max-image-preview:large, max-video-preview:-1\" \/>\n<link rel=\"canonical\" href=\"https:\/\/unser-landvolk.de\/?p=167\" \/>\n<meta property=\"og:locale\" content=\"de_DE\" \/>\n<meta property=\"og:type\" content=\"article\" \/>\n<meta property=\"og:title\" content=\"Was tun, wenn die letzten Sommer keine Ausnahmen waren? - Unser Landvolk\" \/>\n<meta property=\"og:description\" content=\"Vertrocknete Wiesen und Felder, Futter- und Wasserknappheit von Weidetieren \u2013 mit diesen Problemen mussten sich viele Landwirte im vergangenen Hitzesommer 2018 besch\u00e4ftigten. Aber auch in diesem Jahr ging es in dieselbe Richtung. In der landwirtschaftlichen Planung stellt sich deshalb die gro\u00dfe Frage: Was, wenn die aktuellen Klimabedingungen keine Ausnahmen, keine [&hellip;]\" \/>\n<meta property=\"og:url\" content=\"https:\/\/unser-landvolk.de\/?p=167\" \/>\n<meta property=\"og:site_name\" content=\"Unser Landvolk\" \/>\n<meta property=\"article:published_time\" content=\"2021-03-25T07:42:06+00:00\" \/>\n<meta property=\"article:modified_time\" content=\"2021-05-05T10:25:11+00:00\" \/>\n<meta property=\"og:image\" content=\"https:\/\/unser-landvolk.de\/wp-content\/uploads\/2021\/03\/ruebenernte-1-scaled.jpg\" \/>\n\t<meta property=\"og:image:width\" content=\"2560\" \/>\n\t<meta property=\"og:image:height\" content=\"1707\" \/>\n\t<meta property=\"og:image:type\" content=\"image\/jpeg\" \/>\n<meta name=\"author\" content=\"kl\" \/>\n<meta name=\"twitter:card\" content=\"summary_large_image\" \/>\n<meta name=\"twitter:label1\" content=\"Verfasst von\" \/>\n\t<meta name=\"twitter:data1\" content=\"kl\" \/>\n\t<meta name=\"twitter:label2\" content=\"Gesch\u00e4tzte Lesezeit\" \/>\n\t<meta name=\"twitter:data2\" content=\"4\u00a0Minuten\" \/>\n<script type=\"application\/ld+json\" class=\"yoast-schema-graph\">{\"@context\":\"https:\\\/\\\/schema.org\",\"@graph\":[{\"@type\":\"Article\",\"@id\":\"https:\\\/\\\/unser-landvolk.de\\\/?p=167#article\",\"isPartOf\":{\"@id\":\"https:\\\/\\\/unser-landvolk.de\\\/?p=167\"},\"author\":{\"name\":\"kl\",\"@id\":\"https:\\\/\\\/unser-landvolk.de\\\/#\\\/schema\\\/person\\\/c0f08f15baa7e436242f280aa06f3c18\"},\"headline\":\"Was tun, wenn die letzten Sommer keine Ausnahmen waren?\",\"datePublished\":\"2021-03-25T07:42:06+00:00\",\"dateModified\":\"2021-05-05T10:25:11+00:00\",\"mainEntityOfPage\":{\"@id\":\"https:\\\/\\\/unser-landvolk.de\\\/?p=167\"},\"wordCount\":751,\"commentCount\":0,\"publisher\":{\"@id\":\"https:\\\/\\\/unser-landvolk.de\\\/#organization\"},\"image\":{\"@id\":\"https:\\\/\\\/unser-landvolk.de\\\/?p=167#primaryimage\"},\"thumbnailUrl\":\"https:\\\/\\\/unser-landvolk.de\\\/wp-content\\\/uploads\\\/2021\\\/03\\\/ruebenernte-1-scaled.jpg\",\"articleSection\":[\"Archiv\"],\"inLanguage\":\"de\",\"potentialAction\":[{\"@type\":\"CommentAction\",\"name\":\"Comment\",\"target\":[\"https:\\\/\\\/unser-landvolk.de\\\/?p=167#respond\"]}]},{\"@type\":\"WebPage\",\"@id\":\"https:\\\/\\\/unser-landvolk.de\\\/?p=167\",\"url\":\"https:\\\/\\\/unser-landvolk.de\\\/?p=167\",\"name\":\"Was tun, wenn die letzten Sommer keine Ausnahmen waren? - Unser Landvolk\",\"isPartOf\":{\"@id\":\"https:\\\/\\\/unser-landvolk.de\\\/#website\"},\"primaryImageOfPage\":{\"@id\":\"https:\\\/\\\/unser-landvolk.de\\\/?p=167#primaryimage\"},\"image\":{\"@id\":\"https:\\\/\\\/unser-landvolk.de\\\/?p=167#primaryimage\"},\"thumbnailUrl\":\"https:\\\/\\\/unser-landvolk.de\\\/wp-content\\\/uploads\\\/2021\\\/03\\\/ruebenernte-1-scaled.jpg\",\"datePublished\":\"2021-03-25T07:42:06+00:00\",\"dateModified\":\"2021-05-05T10:25:11+00:00\",\"breadcrumb\":{\"@id\":\"https:\\\/\\\/unser-landvolk.de\\\/?p=167#breadcrumb\"},\"inLanguage\":\"de\",\"potentialAction\":[{\"@type\":\"ReadAction\",\"target\":[\"https:\\\/\\\/unser-landvolk.de\\\/?p=167\"]}]},{\"@type\":\"ImageObject\",\"inLanguage\":\"de\",\"@id\":\"https:\\\/\\\/unser-landvolk.de\\\/?p=167#primaryimage\",\"url\":\"https:\\\/\\\/unser-landvolk.de\\\/wp-content\\\/uploads\\\/2021\\\/03\\\/ruebenernte-1-scaled.jpg\",\"contentUrl\":\"https:\\\/\\\/unser-landvolk.de\\\/wp-content\\\/uploads\\\/2021\\\/03\\\/ruebenernte-1-scaled.jpg\",\"width\":2560,\"height\":1707,\"caption\":\"Traktoren bei der Zuckerr\u00fcbenernte\"},{\"@type\":\"BreadcrumbList\",\"@id\":\"https:\\\/\\\/unser-landvolk.de\\\/?p=167#breadcrumb\",\"itemListElement\":[{\"@type\":\"ListItem\",\"position\":1,\"name\":\"Startseite\",\"item\":\"https:\\\/\\\/unser-landvolk.de\\\/\"},{\"@type\":\"ListItem\",\"position\":2,\"name\":\"Was tun, wenn die letzten Sommer keine Ausnahmen waren?\"}]},{\"@type\":\"WebSite\",\"@id\":\"https:\\\/\\\/unser-landvolk.de\\\/#website\",\"url\":\"https:\\\/\\\/unser-landvolk.de\\\/\",\"name\":\"Unser Landvolk\",\"description\":\"Landwirtschaft in Schaumburg\",\"publisher\":{\"@id\":\"https:\\\/\\\/unser-landvolk.de\\\/#organization\"},\"potentialAction\":[{\"@type\":\"SearchAction\",\"target\":{\"@type\":\"EntryPoint\",\"urlTemplate\":\"https:\\\/\\\/unser-landvolk.de\\\/?s={search_term_string}\"},\"query-input\":{\"@type\":\"PropertyValueSpecification\",\"valueRequired\":true,\"valueName\":\"search_term_string\"}}],\"inLanguage\":\"de\"},{\"@type\":\"Organization\",\"@id\":\"https:\\\/\\\/unser-landvolk.de\\\/#organization\",\"name\":\"Unser Landvolk\",\"url\":\"https:\\\/\\\/unser-landvolk.de\\\/\",\"logo\":{\"@type\":\"ImageObject\",\"inLanguage\":\"de\",\"@id\":\"https:\\\/\\\/unser-landvolk.de\\\/#\\\/schema\\\/logo\\\/image\\\/\",\"url\":\"https:\\\/\\\/unser-landvolk.de\\\/wp-content\\\/uploads\\\/2021\\\/05\\\/cropped-header-650x150-1.jpg\",\"contentUrl\":\"https:\\\/\\\/unser-landvolk.de\\\/wp-content\\\/uploads\\\/2021\\\/05\\\/cropped-header-650x150-1.jpg\",\"width\":1355,\"height\":260,\"caption\":\"Unser Landvolk\"},\"image\":{\"@id\":\"https:\\\/\\\/unser-landvolk.de\\\/#\\\/schema\\\/logo\\\/image\\\/\"}},{\"@type\":\"Person\",\"@id\":\"https:\\\/\\\/unser-landvolk.de\\\/#\\\/schema\\\/person\\\/c0f08f15baa7e436242f280aa06f3c18\",\"name\":\"kl\",\"image\":{\"@type\":\"ImageObject\",\"inLanguage\":\"de\",\"@id\":\"https:\\\/\\\/secure.gravatar.com\\\/avatar\\\/95d9efd984da1aabcc8f4ab5e341dc7f5ccd9e4997044adf78d03744f8614cb8?s=96&d=blank&r=g\",\"url\":\"https:\\\/\\\/secure.gravatar.com\\\/avatar\\\/95d9efd984da1aabcc8f4ab5e341dc7f5ccd9e4997044adf78d03744f8614cb8?s=96&d=blank&r=g\",\"contentUrl\":\"https:\\\/\\\/secure.gravatar.com\\\/avatar\\\/95d9efd984da1aabcc8f4ab5e341dc7f5ccd9e4997044adf78d03744f8614cb8?s=96&d=blank&r=g\",\"caption\":\"kl\"},\"sameAs\":[\"http:\\\/\\\/unser-landvolk.de\"],\"url\":\"https:\\\/\\\/unser-landvolk.de\\\/?author=1\"}]}<\/script>\n<!-- \/ Yoast SEO plugin. -->","yoast_head_json":{"title":"Was tun, wenn die letzten Sommer keine Ausnahmen waren? - Unser Landvolk","robots":{"index":"index","follow":"follow","max-snippet":"max-snippet:-1","max-image-preview":"max-image-preview:large","max-video-preview":"max-video-preview:-1"},"canonical":"https:\/\/unser-landvolk.de\/?p=167","og_locale":"de_DE","og_type":"article","og_title":"Was tun, wenn die letzten Sommer keine Ausnahmen waren? - Unser Landvolk","og_description":"Vertrocknete Wiesen und Felder, Futter- und Wasserknappheit von Weidetieren \u2013 mit diesen Problemen mussten sich viele Landwirte im vergangenen Hitzesommer 2018 besch\u00e4ftigten. Aber auch in diesem Jahr ging es in dieselbe Richtung. In der landwirtschaftlichen Planung stellt sich deshalb die gro\u00dfe Frage: Was, wenn die aktuellen Klimabedingungen keine Ausnahmen, keine [&hellip;]","og_url":"https:\/\/unser-landvolk.de\/?p=167","og_site_name":"Unser Landvolk","article_published_time":"2021-03-25T07:42:06+00:00","article_modified_time":"2021-05-05T10:25:11+00:00","og_image":[{"width":2560,"height":1707,"url":"https:\/\/unser-landvolk.de\/wp-content\/uploads\/2021\/03\/ruebenernte-1-scaled.jpg","type":"image\/jpeg"}],"author":"kl","twitter_card":"summary_large_image","twitter_misc":{"Verfasst von":"kl","Gesch\u00e4tzte Lesezeit":"4\u00a0Minuten"},"schema":{"@context":"https:\/\/schema.org","@graph":[{"@type":"Article","@id":"https:\/\/unser-landvolk.de\/?p=167#article","isPartOf":{"@id":"https:\/\/unser-landvolk.de\/?p=167"},"author":{"name":"kl","@id":"https:\/\/unser-landvolk.de\/#\/schema\/person\/c0f08f15baa7e436242f280aa06f3c18"},"headline":"Was tun, wenn die letzten Sommer keine Ausnahmen waren?","datePublished":"2021-03-25T07:42:06+00:00","dateModified":"2021-05-05T10:25:11+00:00","mainEntityOfPage":{"@id":"https:\/\/unser-landvolk.de\/?p=167"},"wordCount":751,"commentCount":0,"publisher":{"@id":"https:\/\/unser-landvolk.de\/#organization"},"image":{"@id":"https:\/\/unser-landvolk.de\/?p=167#primaryimage"},"thumbnailUrl":"https:\/\/unser-landvolk.de\/wp-content\/uploads\/2021\/03\/ruebenernte-1-scaled.jpg","articleSection":["Archiv"],"inLanguage":"de","potentialAction":[{"@type":"CommentAction","name":"Comment","target":["https:\/\/unser-landvolk.de\/?p=167#respond"]}]},{"@type":"WebPage","@id":"https:\/\/unser-landvolk.de\/?p=167","url":"https:\/\/unser-landvolk.de\/?p=167","name":"Was tun, wenn die letzten Sommer keine Ausnahmen waren? - Unser Landvolk","isPartOf":{"@id":"https:\/\/unser-landvolk.de\/#website"},"primaryImageOfPage":{"@id":"https:\/\/unser-landvolk.de\/?p=167#primaryimage"},"image":{"@id":"https:\/\/unser-landvolk.de\/?p=167#primaryimage"},"thumbnailUrl":"https:\/\/unser-landvolk.de\/wp-content\/uploads\/2021\/03\/ruebenernte-1-scaled.jpg","datePublished":"2021-03-25T07:42:06+00:00","dateModified":"2021-05-05T10:25:11+00:00","breadcrumb":{"@id":"https:\/\/unser-landvolk.de\/?p=167#breadcrumb"},"inLanguage":"de","potentialAction":[{"@type":"ReadAction","target":["https:\/\/unser-landvolk.de\/?p=167"]}]},{"@type":"ImageObject","inLanguage":"de","@id":"https:\/\/unser-landvolk.de\/?p=167#primaryimage","url":"https:\/\/unser-landvolk.de\/wp-content\/uploads\/2021\/03\/ruebenernte-1-scaled.jpg","contentUrl":"https:\/\/unser-landvolk.de\/wp-content\/uploads\/2021\/03\/ruebenernte-1-scaled.jpg","width":2560,"height":1707,"caption":"Traktoren bei der Zuckerr\u00fcbenernte"},{"@type":"BreadcrumbList","@id":"https:\/\/unser-landvolk.de\/?p=167#breadcrumb","itemListElement":[{"@type":"ListItem","position":1,"name":"Startseite","item":"https:\/\/unser-landvolk.de\/"},{"@type":"ListItem","position":2,"name":"Was tun, wenn die letzten Sommer keine Ausnahmen waren?"}]},{"@type":"WebSite","@id":"https:\/\/unser-landvolk.de\/#website","url":"https:\/\/unser-landvolk.de\/","name":"Unser Landvolk","description":"Landwirtschaft in Schaumburg","publisher":{"@id":"https:\/\/unser-landvolk.de\/#organization"},"potentialAction":[{"@type":"SearchAction","target":{"@type":"EntryPoint","urlTemplate":"https:\/\/unser-landvolk.de\/?s={search_term_string}"},"query-input":{"@type":"PropertyValueSpecification","valueRequired":true,"valueName":"search_term_string"}}],"inLanguage":"de"},{"@type":"Organization","@id":"https:\/\/unser-landvolk.de\/#organization","name":"Unser Landvolk","url":"https:\/\/unser-landvolk.de\/","logo":{"@type":"ImageObject","inLanguage":"de","@id":"https:\/\/unser-landvolk.de\/#\/schema\/logo\/image\/","url":"https:\/\/unser-landvolk.de\/wp-content\/uploads\/2021\/05\/cropped-header-650x150-1.jpg","contentUrl":"https:\/\/unser-landvolk.de\/wp-content\/uploads\/2021\/05\/cropped-header-650x150-1.jpg","width":1355,"height":260,"caption":"Unser Landvolk"},"image":{"@id":"https:\/\/unser-landvolk.de\/#\/schema\/logo\/image\/"}},{"@type":"Person","@id":"https:\/\/unser-landvolk.de\/#\/schema\/person\/c0f08f15baa7e436242f280aa06f3c18","name":"kl","image":{"@type":"ImageObject","inLanguage":"de","@id":"https:\/\/secure.gravatar.com\/avatar\/95d9efd984da1aabcc8f4ab5e341dc7f5ccd9e4997044adf78d03744f8614cb8?s=96&d=blank&r=g","url":"https:\/\/secure.gravatar.com\/avatar\/95d9efd984da1aabcc8f4ab5e341dc7f5ccd9e4997044adf78d03744f8614cb8?s=96&d=blank&r=g","contentUrl":"https:\/\/secure.gravatar.com\/avatar\/95d9efd984da1aabcc8f4ab5e341dc7f5ccd9e4997044adf78d03744f8614cb8?s=96&d=blank&r=g","caption":"kl"},"sameAs":["http:\/\/unser-landvolk.de"],"url":"https:\/\/unser-landvolk.de\/?author=1"}]}},"jetpack_featured_media_url":"https:\/\/unser-landvolk.de\/wp-content\/uploads\/2021\/03\/ruebenernte-1-scaled.jpg","_links":{"self":[{"href":"https:\/\/unser-landvolk.de\/index.php?rest_route=\/wp\/v2\/posts\/167","targetHints":{"allow":["GET"]}}],"collection":[{"href":"https:\/\/unser-landvolk.de\/index.php?rest_route=\/wp\/v2\/posts"}],"about":[{"href":"https:\/\/unser-landvolk.de\/index.php?rest_route=\/wp\/v2\/types\/post"}],"author":[{"embeddable":true,"href":"https:\/\/unser-landvolk.de\/index.php?rest_route=\/wp\/v2\/users\/1"}],"replies":[{"embeddable":true,"href":"https:\/\/unser-landvolk.de\/index.php?rest_route=%2Fwp%2Fv2%2Fcomments&post=167"}],"version-history":[{"count":1,"href":"https:\/\/unser-landvolk.de\/index.php?rest_route=\/wp\/v2\/posts\/167\/revisions"}],"predecessor-version":[{"id":168,"href":"https:\/\/unser-landvolk.de\/index.php?rest_route=\/wp\/v2\/posts\/167\/revisions\/168"}],"wp:featuredmedia":[{"embeddable":true,"href":"https:\/\/unser-landvolk.de\/index.php?rest_route=\/wp\/v2\/media\/425"}],"wp:attachment":[{"href":"https:\/\/unser-landvolk.de\/index.php?rest_route=%2Fwp%2Fv2%2Fmedia&parent=167"}],"wp:term":[{"taxonomy":"category","embeddable":true,"href":"https:\/\/unser-landvolk.de\/index.php?rest_route=%2Fwp%2Fv2%2Fcategories&post=167"},{"taxonomy":"post_tag","embeddable":true,"href":"https:\/\/unser-landvolk.de\/index.php?rest_route=%2Fwp%2Fv2%2Ftags&post=167"}],"curies":[{"name":"wp","href":"https:\/\/api.w.org\/{rel}","templated":true}]}}